{"id":54434,"date":"2026-09-04T07:01:40","date_gmt":"2026-09-04T10:01:40","guid":{"rendered":"https:\/\/novasdodia.com.br\/index.php\/2026\/09\/04\/prefeitura-alerta-sobre-importancia-da-prevencao-e-informacao-no-dia-mundial-da-saude-sexual\/"},"modified":"2026-09-04T07:01:40","modified_gmt":"2026-09-04T10:01:40","slug":"prefeitura-alerta-sobre-importancia-da-prevencao-e-informacao-no-dia-mundial-da-saude-sexual","status":"publish","type":"post","link":"https:\/\/novasdodia.com.br\/index.php\/2026\/09\/04\/prefeitura-alerta-sobre-importancia-da-prevencao-e-informacao-no-dia-mundial-da-saude-sexual\/","title":{"rendered":"Prefeitura alerta sobre import\u00e2ncia da preven\u00e7\u00e3o e informa\u00e7\u00e3o no Dia Mundial da Sa\u00fade Sexual"},"content":{"rendered":"<p><\/p>\n<div id=\"texto\">\n<p>O Dia Mundial da Sa\u00fade Sexual \u00e9 celebrado nesta sexta-feira, 4 de setembro. A data foi criada pela Associa\u00e7\u00e3o Mundial para a Sa\u00fade Sexual no ano de 2010, com objetivo de promover e conscientizar a popula\u00e7\u00e3o global sobre o tema. A Prefeitura de Jo\u00e3o Pessoa, por meio da Secretaria Municipal de Sa\u00fade (SMS), destaca que a data chama aten\u00e7\u00e3o para os cuidados com a sa\u00fade sexual, prevenindo as infec\u00e7\u00f5es sexualmente transmiss\u00edveis e promovendo o acesso aos m\u00e9todos contraceptivos oferecidos pelo Sistema \u00danico de Sa\u00fade (SUS).<\/p>\n<p>Esse trabalho tamb\u00e9m significa prevenir doen\u00e7as, evitar gravidez n\u00e3o planejada, promover a busca por informa\u00e7\u00f5es e garantir o acesso aos servi\u00e7os. A Rede Municipal de Sa\u00fade, por exemplo, realiza diariamente a\u00e7\u00f5es de preven\u00e7\u00e3o, diagn\u00f3stico, tratamento e acompanhamento das Infec\u00e7\u00f5es Sexualmente Transmiss\u00edveis (ISTs), al\u00e9m de disponibilizar m\u00e9todos contraceptivos e orientar sobre planejamento reprodutivo.<\/p>\n<p>\u201cEntre as principais estrat\u00e9gias de preven\u00e7\u00e3o est\u00e3o o uso de preservativos, a testagem para ISTs, a vacina\u00e7\u00e3o e o acompanhamento realizado pelos servi\u00e7os de sa\u00fade. Os testes r\u00e1pidos permitem identificar HIV, s\u00edfilis e hepatites virais, possibilitando o diagn\u00f3stico precoce e o in\u00edcio oportuno do tratamento quando necess\u00e1rio\u201d, explicou Danielle Melo, gerente da Vigil\u00e2ncia Epidemiol\u00f3gica de Jo\u00e3o Pessoa.<\/p>\n<figure class=\"wp-block-gallery has-nested-images columns-default is-cropped wp-block-gallery-1 is-layout-flex wp-block-gallery-is-layout-flex\">\n<figure class=\"wp-block-image size-large\"><\/figure>\n<\/figure>\n<p><strong>Preven\u00e7\u00e3o \u2013 <\/strong>A vacina\u00e7\u00e3o tamb\u00e9m tem papel fundamental nas estrat\u00e9gias de preven\u00e7\u00e3o \u00e0s ISTs na Rede Municipal de Sa\u00fade da Capital. Vacinas como a de HPV e hepatite B est\u00e3o entre as medidas dispon\u00edveis pelo Sistema \u00danico de Sa\u00fade, de acordo com os p\u00fablicos indicados pelo Programa Nacional de Imuniza\u00e7\u00f5es (PNI).<\/p>\n<p>\u201cAs ISTs nem sempre apresentam sinais ou sintomas. Por isso, a testagem \u00e9 uma ferramenta importante, especialmente para pessoas que tiveram rela\u00e7\u00f5es sexuais sem preservativo ou que possuem outros fatores de risco. O diagn\u00f3stico precoce contribui para o in\u00edcio do tratamento e tamb\u00e9m para interromper a cadeia de transmiss\u00e3o\u201d, completou Danielle Melo.<\/p>\n<p><strong>Atendimento<\/strong> \u2013 A Secretaria Municipal de Sa\u00fade refor\u00e7a que o atendimento deve ser realizado de maneira acolhedora, sigilosa e sem julgamentos. A popula\u00e7\u00e3o pode procurar os servi\u00e7os da rede, a partir da unidade de sa\u00fade mais pr\u00f3xima, para receber orienta\u00e7\u00f5es sobre preven\u00e7\u00e3o, realiza\u00e7\u00e3o de testes, atualiza\u00e7\u00e3o da vacina\u00e7\u00e3o e busca do m\u00e9todo contraceptivo mais adequado.<\/p>\n<p>Prevenir \u00e9 um ato de cuidado. Neste 4 de setembro, a orienta\u00e7\u00e3o \u00e9: informe-se, proteja-se, fa\u00e7a seus exames e procure a rede de sa\u00fade sempre que necessitar.<\/p>\n<\/p><\/div>\n","protected":false},"excerpt":{"rendered":"<p>O Dia Mundial da Sa\u00fade Sexual \u00e9 celebrado nesta sexta-feira, 4 de setembro. A data foi criada pela Associa\u00e7\u00e3o Mundial para a Sa\u00fade Sexual no ano de 2010, com objetivo de promover e conscientizar a popula\u00e7\u00e3o global sobre o tema. A Prefeitura de Jo\u00e3o Pessoa, por meio da Secretaria Municipal de Sa\u00fade (SMS), destaca que [&hellip;]<\/p>\n","protected":false},"author":1,"featured_media":0,"comment_status":"","ping_status":"","sticky":false,"template":"","format":"standard","meta":{"footnotes":""},"categories":[1],"tags":[],"class_list":["post-54434","post","type-post","status-publish","format-standard","hentry","category-noticias"],"amp_enabled":true,"_links":{"self":[{"href":"https:\/\/novasdodia.com.br\/index.php\/wp-json\/wp\/v2\/posts\/54434","targetHints":{"allow":["GET"]}}],"collection":[{"href":"https:\/\/novasdodia.com.br\/index.php\/wp-json\/wp\/v2\/posts"}],"about":[{"href":"https:\/\/novasdodia.com.br\/index.php\/wp-json\/wp\/v2\/types\/post"}],"author":[{"embeddable":true,"href":"https:\/\/novasdodia.com.br\/index.php\/wp-json\/wp\/v2\/users\/1"}],"replies":[{"embeddable":true,"href":"https:\/\/novasdodia.com.br\/index.php\/wp-json\/wp\/v2\/comments?post=54434"}],"version-history":[{"count":0,"href":"https:\/\/novasdodia.com.br\/index.php\/wp-json\/wp\/v2\/posts\/54434\/revisions"}],"wp:attachment":[{"href":"https:\/\/novasdodia.com.br\/index.php\/wp-json\/wp\/v2\/media?parent=54434"}],"wp:term":[{"taxonomy":"category","embeddable":true,"href":"https:\/\/novasdodia.com.br\/index.php\/wp-json\/wp\/v2\/categories?post=54434"},{"taxonomy":"post_tag","embeddable":true,"href":"https:\/\/novasdodia.com.br\/index.php\/wp-json\/wp\/v2\/tags?post=54434"}],"curies":[{"name":"wp","href":"https:\/\/api.w.org\/{rel}","templated":true}]}}