{"id":54435,"date":"2026-09-04T07:43:35","date_gmt":"2026-09-04T10:43:35","guid":{"rendered":"https:\/\/novasdodia.com.br\/index.php\/2026\/09\/04\/quer-estudar-no-ifsp-em-2027-veja-o-que-fazer-antes-da-abertura-das-inscricoes-ifsp-2\/"},"modified":"2026-09-04T07:43:35","modified_gmt":"2026-09-04T10:43:35","slug":"quer-estudar-no-ifsp-em-2027-veja-o-que-fazer-antes-da-abertura-das-inscricoes-ifsp-2","status":"publish","type":"post","link":"https:\/\/novasdodia.com.br\/index.php\/2026\/09\/04\/quer-estudar-no-ifsp-em-2027-veja-o-que-fazer-antes-da-abertura-das-inscricoes-ifsp-2\/","title":{"rendered":"Quer estudar no IFSP em 2027? Veja o que fazer antes da abertura das inscri\u00e7\u00f5es &#8211; IFSP"},"content":{"rendered":"<p><\/p>\n<div>\n<div class=\"subtitle\">\n<p><span style=\"font-weight: 400;\">Edital dos cursos t\u00e9cnicos integrados ao ensino m\u00e9dio ser\u00e1 publicado em 8 de setembro; candidatos devem reunir documentos e conhecer as regras de participa\u00e7\u00e3o<\/span><\/p>\n<\/div>\n<p><!-- fim .content-header-options-1 --><\/p>\n<p><span style=\"font-weight: 400;\">O <\/span><span style=\"font-weight: 400;\">Instituto Federal de S\u00e3o Paulo (IFSP)<\/span><span style=\"font-weight: 400;\"> publica em 8 de setembro o edital do processo seletivo para ingresso nos cursos t\u00e9cnicos integrados ao ensino m\u00e9dio, com entrada no primeiro semestre de 2027. As inscri\u00e7\u00f5es tamb\u00e9m come\u00e7am no dia 8 e v\u00e3o at\u00e9 5 de outubro.<\/span><\/p>\n<p><span style=\"font-weight: 400;\">Antes da abertura das inscri\u00e7\u00f5es, estudantes e respons\u00e1veis podem se preparar reunindo documentos, verificando se t\u00eam direito \u00e0 isen\u00e7\u00e3o da taxa de inscri\u00e7\u00e3o e conhecendo as modalidades de reserva de vagas.<\/span><\/p>\n<p><span style=\"font-weight: 400;\">O edital reunir\u00e1 todas as informa\u00e7\u00f5es sobre o processo seletivo, incluindo o passo a passo das inscri\u00e7\u00f5es, os procedimentos para solicitar atendimento especializado, concorrer \u00e0s vagas reservadas e participar da heteroidentifica\u00e7\u00e3o.<\/span><\/p>\n<p><span style=\"font-weight: 400;\">O IFSP possui 41 campi com cursos t\u00e9cnicos regulares distribu\u00eddos em todo o estado de S\u00e3o Paulo, com\u00a0diversos\u00a0cursos t\u00e9cnicos integrados ao ensino m\u00e9dio. Confira os cursos e as modalidades de ensino do Instituto em <\/span><span style=\"font-weight: 400;\">ifsp.edu.br\/cursos<\/span><span style=\"font-weight: 400;\">.<\/span><\/p>\n<p><b>Quem pode participar?<br \/><\/b><span style=\"font-weight: 400;\">Os cursos t\u00e9cnicos integrados s\u00e3o destinados a estudantes que conclu\u00edrem o ensino fundamental at\u00e9 a data da matr\u00edcula. Nessa modalidade, o aluno cursa, ao mesmo tempo no IFSP, o ensino m\u00e9dio e a forma\u00e7\u00e3o t\u00e9cnica.<\/span><\/p>\n<p><b>Prepare os documentos para a inscri\u00e7\u00e3o<br \/><\/b><span style=\"font-weight: 400;\">As inscri\u00e7\u00f5es ser\u00e3o realizadas pela internet, no portal de sele\u00e7\u00e3o do IFSP, em <\/span><span style=\"font-weight: 400;\">processoseletivo.ifsp.edu.br<\/span><span style=\"font-weight: 400;\">, a partir do dia 8 de setembro.<\/span><\/p>\n<p><span style=\"font-weight: 400;\">Para se inscrever, ser\u00e1 necess\u00e1rio informar o CPF do pr\u00f3prio candidato, documento de identidade, e-mail pessoal (ativo) e telefone de contato.\u00a0<\/span><\/p>\n<p><span style=\"font-weight: 400;\">O participante poder\u00e1 indicar at\u00e9 tr\u00eas op\u00e7\u00f5es de curso no mesmo campus.<\/span><\/p>\n<p><span style=\"font-weight: 400;\">O valor da taxa de inscri\u00e7\u00e3o ser\u00e1 de R$ 60.<\/span><\/p>\n<p><b>Verifique se voc\u00ea tem direito \u00e0 isen\u00e7\u00e3o da taxa<br \/><\/b><span style=\"font-weight: 400;\">O pedido de isen\u00e7\u00e3o da taxa dever\u00e1 ser feito entre os dias 8 e 18 de setembro, no pr\u00f3prio formul\u00e1rio de inscri\u00e7\u00e3o.<\/span><\/p>\n<p><span style=\"font-weight: 400;\">Pode solicitar o benef\u00edcio o candidato que atenda \u00e0s condi\u00e7\u00f5es definidas pela legisla\u00e7\u00e3o, como ter renda familiar por pessoa de at\u00e9 1,5 sal\u00e1rio m\u00ednimo e ter cursado todo o ensino fundamental em escola p\u00fablica ou como bolsista integral em escola particular.<\/span><\/p>\n<p><span style=\"font-weight: 400;\">Quem pretende solicitar a isen\u00e7\u00e3o deve providenciar antecipadamente os documentos de escolaridade e de renda familiar exigidos para a an\u00e1lise do pedido.<\/span><\/p>\n<p><b>Heteroidentifica\u00e7\u00e3o ser\u00e1 realizada de forma on-line<br \/><\/b><span style=\"font-weight: 400;\">Nesta edi\u00e7\u00e3o, a heteroidentifica\u00e7\u00e3o dos candidatos autodeclarados pretos e pardos que concorrem \u00e0s vagas reservadas para estudantes de escolas p\u00fablicas ser\u00e1 realizada de forma totalmente on-line.<\/span><\/p>\n<p><span style=\"font-weight: 400;\">Quando convocado, o candidato autodeclarado dever\u00e1 enviar fotografias para an\u00e1lise da banca. Caso o resultado da primeira etapa seja indeferido, ser\u00e1 poss\u00edvel apresentar recurso por meio do envio de um v\u00eddeo, que ser\u00e1 analisado em nova etapa.<\/span><\/p>\n<p><span style=\"font-weight: 400;\">As orienta\u00e7\u00f5es sobre envio dos arquivos, prazos e demais procedimentos estar\u00e3o detalhadas no edital e tamb\u00e9m haver\u00e1 uma live para ajudar o participante.<\/span><\/p>\n<p><b>Live vai esclarecer d\u00favidas sobre cotas raciais e heteroidentifica\u00e7\u00e3o<br \/><\/b><span style=\"font-weight: 400;\">Para orientar estudantes e respons\u00e1veis, o N\u00facleo de Estudos Afro-Brasileiros e Ind\u00edgenas (Neabi) do IFSP realizar\u00e1 uma live sobre a pol\u00edtica de cotas raciais e o processo de heteroidentifica\u00e7\u00e3o.<\/span><\/p>\n<p><span style=\"font-weight: 400;\">A transmiss\u00e3o ser\u00e1 no dia 18 de setembro, no <\/span><span style=\"font-weight: 400;\">canal do IFSP no YouTube<\/span><span style=\"font-weight: 400;\">. Durante o encontro, ser\u00e3o apresentadas as etapas da heteroidentifica\u00e7\u00e3o, os crit\u00e9rios adotados pelas bancas e esclarecidas d\u00favidas sobre a participa\u00e7\u00e3o nas vagas reservadas.<\/span><\/p>\n<p><b>Conhe\u00e7a as modalidades de reserva de vagas<br \/><\/b><span style=\"font-weight: 400;\">O IFSP reserva 50% das vagas para estudantes que cursaram todo o ensino fundamental em escolas p\u00fablicas brasileiras. Dentro desse percentual, h\u00e1 vagas destinadas a estudantes de baixa renda (com renda familiar de at\u00e9 1 sal\u00e1rio m\u00ednimo por pessoa), pessoas pretas, pardas e ind\u00edgenas, quilombolas e pessoas com defici\u00eancia, conforme a legisla\u00e7\u00e3o federal.<\/span><\/p>\n<p><span style=\"font-weight: 400;\">No momento da inscri\u00e7\u00e3o, \u00e9 importante selecionar corretamente a modalidade de concorr\u00eancia. A comprova\u00e7\u00e3o das informa\u00e7\u00f5es ser\u00e1 feita nas etapas previstas pelo processo seletivo e na matr\u00edcula.<\/span><\/p>\n<p><b>Atendimento especializado deve ser solicitado na inscri\u00e7\u00e3o\u00a0<br \/><\/b><span style=\"font-weight: 400;\">Quem necessitar de recursos de acessibilidade ou de condi\u00e7\u00f5es espec\u00edficas para fazer a prova deve solicitar atendimento especializado durante o per\u00edodo de inscri\u00e7\u00f5es.<\/span><\/p>\n<p><span style=\"font-weight: 400;\">Entre os recursos dispon\u00edveis est\u00e3o prova em braille, prova ampliada, int\u00e9rprete de Libras, leitor de tela, aux\u00edlio para leitura, aux\u00edlio para transcri\u00e7\u00e3o, tempo adicional e sala de f\u00e1cil acesso, entre outros previstos no edital.<\/span><\/p>\n<p><span style=\"font-weight: 400;\">Para que a solicita\u00e7\u00e3o seja analisada, ser\u00e1 necess\u00e1rio apresentar a documenta\u00e7\u00e3o comprobat\u00f3ria exigida.<\/span><\/p>\n<p><b>Sobre a prova<br \/><\/b><span style=\"font-weight: 400;\">A prova acontecer\u00e1 no dia 22 de novembro, e ter\u00e1 quest\u00f5es de L\u00edngua Portuguesa e Matem\u00e1tica, com conte\u00fados do 6<\/span><span style=\"font-weight: 400;\">\u00ba a<\/span><span style=\"font-weight: 400;\">o 9\u00ba ano do ensino fundamental.<\/span><\/p>\n<p><span style=\"font-weight: 400;\">O participante far\u00e1 a prova no munic\u00edpio do campus escolhido.<\/span><\/p>\n<p><span style=\"font-weight: 400;\">Conhe\u00e7a os campi do IFSP em <\/span><span style=\"font-weight: 400;\">ifsp.edu.br\/index.php\/sobre-o-campus<\/span><span style=\"font-weight: 400;\">.\u00a0<\/span><\/p>\n<p><b>Cursos concomitantes e subsequentes ter\u00e3o edital pr\u00f3prio<br \/><\/b><span style=\"font-weight: 400;\">Os candidatos interessados nos cursos t\u00e9cnicos concomitantes e subsequentes ao ensino m\u00e9dio (ou seja, apenas fazer o curso t\u00e9cnico no IFSP) dever\u00e3o aguardar a publica\u00e7\u00e3o de um edital espec\u00edfico.<\/span><\/p>\n<p><span style=\"font-weight: 400;\">Diferentemente dos \u00faltimos anos, o IFSP realizar\u00e1 processos seletivos separados para os cursos integrados e para os cursos concomitantes e subsequentes. Mais informa\u00e7\u00f5es ser\u00e3o divulgadas em edital pr\u00f3prio.<\/span><\/p>\n<p><b>Aten\u00e7\u00e3o aos prazos!<br \/><\/b><span style=\"font-weight: 400;\">Ap\u00f3s a publica\u00e7\u00e3o do edital em 8 de setembro, os candidatos dever\u00e3o acompanhar o <\/span><span style=\"font-weight: 400;\">site do IFSP<\/span><span style=\"font-weight: 400;\"> e <\/span><span style=\"font-weight: 400;\">Portal de processos seletivos<\/span><span style=\"font-weight: 400;\">\u00a0para consultar o cronograma completo e as orienta\u00e7\u00f5es detalhadas para participa\u00e7\u00e3o no processo seletivo.\u00a0<\/span><\/p>\n<p><b>O que fazer agora? Confira o que j\u00e1 pode ser preparado:<br \/><\/b><span style=\"font-weight: 400;\"><b>\u2022 <\/b>separar CPF e documento de identidade;<br \/><\/span><span style=\"font-weight: 400;\"><b>\u2022 <\/b>conferir os dados de contato do candidato e do respons\u00e1vel;<br \/><\/span><span style=\"font-weight: 400;\">\u2022 verificar se h\u00e1 direito \u00e0 isen\u00e7\u00e3o da taxa de inscri\u00e7\u00e3o;<br \/><\/span><span style=\"font-weight: 400;\">\u2022 reunir documentos relacionados \u00e0 reserva de vagas, quando for o caso;\u00a0<br \/><\/span><span style=\"font-weight: 400;\">\u2022 providenciar laudos ou documentos para solicita\u00e7\u00e3o de atendimento especializado;\u00a0<br \/><\/span><span style=\"font-weight: 400;\">\u2022 acompanhar a live sobre cotas raciais e heteroidentifica\u00e7\u00e3o;\u00a0<br \/><\/span><span style=\"font-weight: 400;\">\u2022 ler o edital completo quando ele for publicado.<\/span><\/p>\n<\/div>\n","protected":false},"excerpt":{"rendered":"<p>Edital dos cursos t\u00e9cnicos integrados ao ensino m\u00e9dio ser\u00e1 publicado em 8 de setembro; candidatos devem reunir documentos e conhecer as regras de participa\u00e7\u00e3o O Instituto Federal de S\u00e3o Paulo (IFSP) publica em 8 de setembro o edital do processo seletivo para ingresso nos cursos t\u00e9cnicos integrados ao ensino m\u00e9dio, com entrada no primeiro semestre [&hellip;]<\/p>\n","protected":false},"author":1,"featured_media":0,"comment_status":"","ping_status":"","sticky":false,"template":"","format":"standard","meta":{"footnotes":""},"categories":[1],"tags":[],"class_list":["post-54435","post","type-post","status-publish","format-standard","hentry","category-noticias"],"amp_enabled":true,"_links":{"self":[{"href":"https:\/\/novasdodia.com.br\/index.php\/wp-json\/wp\/v2\/posts\/54435","targetHints":{"allow":["GET"]}}],"collection":[{"href":"https:\/\/novasdodia.com.br\/index.php\/wp-json\/wp\/v2\/posts"}],"about":[{"href":"https:\/\/novasdodia.com.br\/index.php\/wp-json\/wp\/v2\/types\/post"}],"author":[{"embeddable":true,"href":"https:\/\/novasdodia.com.br\/index.php\/wp-json\/wp\/v2\/users\/1"}],"replies":[{"embeddable":true,"href":"https:\/\/novasdodia.com.br\/index.php\/wp-json\/wp\/v2\/comments?post=54435"}],"version-history":[{"count":0,"href":"https:\/\/novasdodia.com.br\/index.php\/wp-json\/wp\/v2\/posts\/54435\/revisions"}],"wp:attachment":[{"href":"https:\/\/novasdodia.com.br\/index.php\/wp-json\/wp\/v2\/media?parent=54435"}],"wp:term":[{"taxonomy":"category","embeddable":true,"href":"https:\/\/novasdodia.com.br\/index.php\/wp-json\/wp\/v2\/categories?post=54435"},{"taxonomy":"post_tag","embeddable":true,"href":"https:\/\/novasdodia.com.br\/index.php\/wp-json\/wp\/v2\/tags?post=54435"}],"curies":[{"name":"wp","href":"https:\/\/api.w.org\/{rel}","templated":true}]}}