{"id":54440,"date":"2026-09-04T09:54:37","date_gmt":"2026-09-04T12:54:37","guid":{"rendered":"https:\/\/novasdodia.com.br\/index.php\/2026\/09\/04\/fac-une-sustentabilidade-aprendizado-e-geracao-de-renda-cgnoticias\/"},"modified":"2026-09-04T09:54:37","modified_gmt":"2026-09-04T12:54:37","slug":"fac-une-sustentabilidade-aprendizado-e-geracao-de-renda-cgnoticias","status":"publish","type":"post","link":"https:\/\/novasdodia.com.br\/index.php\/2026\/09\/04\/fac-une-sustentabilidade-aprendizado-e-geracao-de-renda-cgnoticias\/","title":{"rendered":"FAC une sustentabilidade, aprendizado e gera\u00e7\u00e3o de renda \u2013 CGNot\u00edcias"},"content":{"rendered":"<p><\/p>\n<div>\n<p>Materiais que poderiam ser descartados ganham novas formas e utilidades nas oficinas de economia criativa promovidas pelo Fundo de Apoio \u00e0 Comunidade (FAC), em Campo Grande. Al\u00e9m de incentivar o reaproveitamento, as atividades oferecem \u00e0s participantes a oportunidade de aprender novas habilidades e criar alternativas de renda.<\/p>\n<p>Entre os cursos e oficinas desenvolvidos pelo FAC est\u00e3o atividades relacionadas \u00e0 sustentabilidade, empreendedorismo, culin\u00e1ria, agricultura e economia criativa.<\/p>\n<p>Para a presidente do FAC, Adir Diniz, \u201ca sustentabilidade n\u00e3o \u00e9 apenas uma palavra. \u00c9 um desafio e uma atitude para a sociedade. \u00c9 responsabilizar-se em cuidar do planeta atrav\u00e9s de a\u00e7\u00f5es do nosso dia a dia, por\u00e9m com responsabilidade redobrada. \u201d<\/p>\n<p>Nas aulas de artesanato, materiais que seriam considerados res\u00edduos s\u00e3o transformados em novas pe\u00e7as. A professora Maria do Carmo conta que muitas alunas chegam sem experi\u00eancia e descobrem, ao longo do curso, habilidades que n\u00e3o imaginavam possuir.<\/p>\n<p>\u201cMuitas chegam aqui sem conhecimento algum e procuram o curso tamb\u00e9m por quest\u00f5es de sa\u00fade. Nas aulas, elas v\u00e3o se encantando como pessoas, porque nunca imaginaram que seriam capazes de produzir algo como o que aprendem aqui\u201d.<\/p>\n<figure class=\"wp-block-gallery has-nested-images columns-default is-cropped wp-block-gallery-2 is-layout-flex wp-block-gallery-is-layout-flex\">\n<figure class=\"wp-block-image size-large\"><figcaption class=\"wp-element-caption\">Bonecos e enfeites de jeans reaproveitado, criados nas oficinas do FAC Sustent\u00e1vel.<\/figcaption><\/figure>\n<\/figure>\n<p>Para a enfermeira aposentada Maria Aparecida, de 61 anos, conhecer o artesanato marcou uma nova fase em sua rotina. \u201cEu descobri que estava com Alzheimer e tive come\u00e7o de depress\u00e3o. Quando eu comecei a vir para c\u00e1, eu fui melhorando. Desenvolvendo a fala, minha m\u00e3o estava perdendo os movimentos, ent\u00e3o minha vida est\u00e1 normal. Eu descobri o artesanato atrav\u00e9s do FAC; eu n\u00e3o sabia fazer nada.\u201d<\/p>\n<p>A possibilidade de aprender e gerar renda tamb\u00e9m faz parte da hist\u00f3ria de Nora Sousa, de 63 anos. M\u00e3e at\u00edpica, ela encontrou no artesanato uma alternativa para trabalhar em casa e conciliar a atividade com os cuidados com o filho.<\/p>\n<p>\u201cEu sou m\u00e3e at\u00edpica, ent\u00e3o eu n\u00e3o posso ter um servi\u00e7o extra, porque n\u00e3o tenho onde deixar meu filho. Fazendo o curso aqui no FAC, o curso \u00e9 sustent\u00e1vel; com a cal\u00e7a jeans que iria jogar fora, estou ganhando mais um pouquinho por aprender a lidar com a sustentabilidade, \u201d explica, orgulhosa.<\/p>\n<p>Por meio da criatividade e do reaproveitamento, as oficinas mostram que aquilo que antes seria descartado tamb\u00e9m pode se transformar em aprendizado, novas possibilidades e fonte de renda.<\/p>\n<p><em>#ParaTodosVeem: A imagem de capa mostra a aluna Maria Aparecida sorrindo enquanto costura um retalho de jeans na oficina de economia criativa do FAC.<\/em><\/p>\n<\/div>\n<p><script async defer async defer src=\"https:\/\/connect.facebook.net\/en_US\/sdk.js?ver=1#xfbml=1&amp;version=v3.2\" id=\"prefeitura-campogrande-script-facebook-sdk-js\"><\/script><\/p>\n","protected":false},"excerpt":{"rendered":"<p>Materiais que poderiam ser descartados ganham novas formas e utilidades nas oficinas de economia criativa promovidas pelo Fundo de Apoio \u00e0 Comunidade (FAC), em Campo Grande. Al\u00e9m de incentivar o reaproveitamento, as atividades oferecem \u00e0s participantes a oportunidade de aprender novas habilidades e criar alternativas de renda. Entre os cursos e oficinas desenvolvidos pelo FAC [&hellip;]<\/p>\n","protected":false},"author":1,"featured_media":0,"comment_status":"","ping_status":"","sticky":false,"template":"","format":"standard","meta":{"footnotes":""},"categories":[],"tags":[],"class_list":["post-54440","post","type-post","status-publish","format-standard","hentry"],"amp_enabled":true,"_links":{"self":[{"href":"https:\/\/novasdodia.com.br\/index.php\/wp-json\/wp\/v2\/posts\/54440","targetHints":{"allow":["GET"]}}],"collection":[{"href":"https:\/\/novasdodia.com.br\/index.php\/wp-json\/wp\/v2\/posts"}],"about":[{"href":"https:\/\/novasdodia.com.br\/index.php\/wp-json\/wp\/v2\/types\/post"}],"author":[{"embeddable":true,"href":"https:\/\/novasdodia.com.br\/index.php\/wp-json\/wp\/v2\/users\/1"}],"replies":[{"embeddable":true,"href":"https:\/\/novasdodia.com.br\/index.php\/wp-json\/wp\/v2\/comments?post=54440"}],"version-history":[{"count":0,"href":"https:\/\/novasdodia.com.br\/index.php\/wp-json\/wp\/v2\/posts\/54440\/revisions"}],"wp:attachment":[{"href":"https:\/\/novasdodia.com.br\/index.php\/wp-json\/wp\/v2\/media?parent=54440"}],"wp:term":[{"taxonomy":"category","embeddable":true,"href":"https:\/\/novasdodia.com.br\/index.php\/wp-json\/wp\/v2\/categories?post=54440"},{"taxonomy":"post_tag","embeddable":true,"href":"https:\/\/novasdodia.com.br\/index.php\/wp-json\/wp\/v2\/tags?post=54440"}],"curies":[{"name":"wp","href":"https:\/\/api.w.org\/{rel}","templated":true}]}}