{"id":54441,"date":"2026-09-04T10:31:39","date_gmt":"2026-09-04T13:31:39","guid":{"rendered":"https:\/\/novasdodia.com.br\/index.php\/2026\/09\/04\/nova-iguacu-segue-vacinando-criancas-e-adolescentes-menores-de-15-anos\/"},"modified":"2026-09-04T10:31:39","modified_gmt":"2026-09-04T13:31:39","slug":"nova-iguacu-segue-vacinando-criancas-e-adolescentes-menores-de-15-anos","status":"publish","type":"post","link":"https:\/\/novasdodia.com.br\/index.php\/2026\/09\/04\/nova-iguacu-segue-vacinando-criancas-e-adolescentes-menores-de-15-anos\/","title":{"rendered":"Nova Igua\u00e7u segue vacinando crian\u00e7as e adolescentes menores de 15 anos"},"content":{"rendered":"<p><\/p>\n<div id=\"post_38783\">\n<header>\n<h2>Nova Igua\u00e7u segue vacinando crian\u00e7as e adolescentes menores de 15 anos<\/h2>\n<h4>\n                <em><br \/>\n                    <time class=\"text-muted\" datetime=\"03-09-2026\">03 de setembro de 2026<\/time><br \/>\n                <\/em><br \/>\n            <\/h4>\n<\/header>\n<section>\n<p>Crian\u00e7as e adolescentes menores de 15 anos que ainda precisam atualizar a caderneta de vacina\u00e7\u00e3o podem procurar as 62 unidades de sa\u00fade de Nova Igua\u00e7u, entre Policl\u00ednicas, Cl\u00ednicas da Fam\u00edlia e Unidades B\u00e1sicas de Sa\u00fade.<\/p>\n<p>No Dia D de Multivacina\u00e7\u00e3o, realizado em 22 de agosto, 2.728 pessoas foram vacinadas na rede municipal. Todas as vacinas previstas no calend\u00e1rio foram disponibilizadas, conforme a necessidade de cada faixa et\u00e1ria. A BCG e a Pneumo 20 continuam sendo oferecidas em unidades espec\u00edficas.<\/p>\n<p>A BCG est\u00e1 dispon\u00edvel no Centro de Sa\u00fade Dr. Vasco Barcelos, Policl\u00ednica Shopping Nova Igua\u00e7u, Policl\u00ednica Elaine Ambr\u00f3sio, Policl\u00ednica Vila de Cava, Cl\u00ednica da Fam\u00edlia Miguel Couto e Cl\u00ednica da Fam\u00edlia Jardim Para\u00edso.<\/p>\n<p>A Pneumo 20 \u00e9 oferecida nessas seis unidades e tamb\u00e9m nas Cl\u00ednicas da Fam\u00edlia Vila Oper\u00e1ria, Santa Rita e Amba\u00ed, al\u00e9m das unidades Dolores Delfino, Edi Pinto e S\u00e3o Francisco de Paula.<\/p>\n<p>Para receber a vacina, \u00e9 necess\u00e1rio apresentar a caderneta de vacina\u00e7\u00e3o e um documento de identifica\u00e7\u00e3o da crian\u00e7a ou do adolescente.<\/p>\n<p>Confira os endere\u00e7os das unidades de sa\u00fade: https:\/\/www.novaiguacu.rj.gov.br\/semus\/unidades\/<\/p>\n<\/section><\/div>\n","protected":false},"excerpt":{"rendered":"<p>Nova Igua\u00e7u segue vacinando crian\u00e7as e adolescentes menores de 15 anos 03 de setembro de 2026 Crian\u00e7as e adolescentes menores de 15 anos que ainda precisam atualizar a caderneta de vacina\u00e7\u00e3o podem procurar as 62 unidades de sa\u00fade de Nova Igua\u00e7u, entre Policl\u00ednicas, Cl\u00ednicas da Fam\u00edlia e Unidades B\u00e1sicas de Sa\u00fade. No Dia D de [&hellip;]<\/p>\n","protected":false},"author":1,"featured_media":0,"comment_status":"","ping_status":"","sticky":false,"template":"","format":"standard","meta":{"footnotes":""},"categories":[1],"tags":[],"class_list":["post-54441","post","type-post","status-publish","format-standard","hentry","category-noticias"],"amp_enabled":true,"_links":{"self":[{"href":"https:\/\/novasdodia.com.br\/index.php\/wp-json\/wp\/v2\/posts\/54441","targetHints":{"allow":["GET"]}}],"collection":[{"href":"https:\/\/novasdodia.com.br\/index.php\/wp-json\/wp\/v2\/posts"}],"about":[{"href":"https:\/\/novasdodia.com.br\/index.php\/wp-json\/wp\/v2\/types\/post"}],"author":[{"embeddable":true,"href":"https:\/\/novasdodia.com.br\/index.php\/wp-json\/wp\/v2\/users\/1"}],"replies":[{"embeddable":true,"href":"https:\/\/novasdodia.com.br\/index.php\/wp-json\/wp\/v2\/comments?post=54441"}],"version-history":[{"count":0,"href":"https:\/\/novasdodia.com.br\/index.php\/wp-json\/wp\/v2\/posts\/54441\/revisions"}],"wp:attachment":[{"href":"https:\/\/novasdodia.com.br\/index.php\/wp-json\/wp\/v2\/media?parent=54441"}],"wp:term":[{"taxonomy":"category","embeddable":true,"href":"https:\/\/novasdodia.com.br\/index.php\/wp-json\/wp\/v2\/categories?post=54441"},{"taxonomy":"post_tag","embeddable":true,"href":"https:\/\/novasdodia.com.br\/index.php\/wp-json\/wp\/v2\/tags?post=54441"}],"curies":[{"name":"wp","href":"https:\/\/api.w.org\/{rel}","templated":true}]}}