{"id":54443,"date":"2026-09-04T11:14:04","date_gmt":"2026-09-04T14:14:04","guid":{"rendered":"https:\/\/novasdodia.com.br\/index.php\/2026\/09\/04\/violonista-jorge-simas-leva-samba-e-choro-para-o-sabadinho-bom\/"},"modified":"2026-09-04T11:14:04","modified_gmt":"2026-09-04T14:14:04","slug":"violonista-jorge-simas-leva-samba-e-choro-para-o-sabadinho-bom","status":"publish","type":"post","link":"https:\/\/novasdodia.com.br\/index.php\/2026\/09\/04\/violonista-jorge-simas-leva-samba-e-choro-para-o-sabadinho-bom\/","title":{"rendered":"Violonista Jorge Simas leva samba e choro para o Sabadinho Bom"},"content":{"rendered":"<p><\/p>\n<div id=\"texto\">\n<p>O m\u00fasico Jorge Simas vai dar o tom do samba ao Sabadinho Bom deste final de semana. Acompanhado por seu viol\u00e3o de sete cordas, convidados especiais e banda, o artista promete muito samba e choro para fazer o p\u00fablico dan\u00e7ar, ao lado de dois convidados especiais: o soprista Chico Lopes e o cantor Tony Nogueira. Realizado pela Prefeitura de Jo\u00e3o pessoa, atrav\u00e9s de sua Funda\u00e7\u00e3o Cultural (Funjope), o evento acontece na Pra\u00e7a Rio Branco, Centro Hist\u00f3rico da cidade, a partir das 12h30.<\/p>\n<figure class=\"wp-block-image size-full\"><\/figure>\n<p>\u201cA Pra\u00e7a Rio Branco \u00e9 um ambiente muito especial em Jo\u00e3o Pessoa. Ali naquela nossa urbanidade moderna n\u00f3s temos conseguido reunir gera\u00e7\u00f5es em torno da m\u00fasica do choro, do samba e do forr\u00f3. O palco do Sabadinho Bom \u00e9 muito celebrado pelos artistas de Jo\u00e3o Pessoa e da Para\u00edba, que t\u00eam contribu\u00eddo para manter viva essa cena cultural no Centro Hist\u00f3rico\u201d, pontua o diretor executivo da Funjope, Marcus Alves.<\/p>\n<p>Ele destaca que a gest\u00e3o tem estimulado o Sabadinho Bom que se transformou para al\u00e9m do evento cultural. \u201c\u00c9 um evento socioecon\u00f4mico que tem a capacidade de atrair um p\u00fablico imenso para viver as experi\u00eancias em nosso Centro Hist\u00f3rico todos os s\u00e1bados. Isso \u00e9 muito importante para todos n\u00f3s e \u00e9 estimulado pelo prefeito Leo Bezerra, que tem fortalecido a nossa pol\u00edtica municipal de cultura\u201d, acrescenta.<\/p>\n<p>O artista Jorge Simas afirma que o Sabadinho Bom \u00e9 um evento essencial para a cultura: \u201cEu acho excelente a ideia do Sabadinho Bom. Acho uma forma de valoriza\u00e7\u00e3o da cultura, especialmente da m\u00fasica, porque voc\u00ea tem atra\u00e7\u00f5es que s\u00e3o do estado da Para\u00edba, mas tamb\u00e9m contempla atra\u00e7\u00f5es de outros estados, principalmente do Nordeste, que tem tido representantes nesse evento j\u00e1 consolidado. \u00c9 um evento que j\u00e1 se tornou uma marca tradicional da cidade\u201d, avalia.<\/p>\n<p>O repert\u00f3rio, basicamente, ser\u00e1 constitu\u00eddo de sambas e de choro. O artista vai apresentar m\u00fasicas autorais, algumas com letra. Entre elas, \u2018Lente de contato\u2019, que \u00e9 de Jorge Simas, Vanderson Martins e Zeca Pagodinho e que foi gravada por Zeca Pagodinho e Diogo Nogueira; \u2018Luz maior\u2019, samba gravado por Jo\u00e3o Nogueira, e composta por Jorge Simas e Marcos Paiva.<\/p>\n<p>Na parte instrumental, can\u00e7\u00f5es como \u2018Som de carrilh\u00f5es\u2019; \u2018Tristezas de um viol\u00e3o\u2019, composta por Garoto; \u2018Um a zero\u2019, de Pixinguinha; \u2018Murmurando\u2019, de Fon-Fon. Na lista, tem tamb\u00e9m m\u00fasicas instrumentais de Jorge Simas como o choro \u2018N\u00f3s dois\u2019 e \u2018Abra\u00e7o no Baden\u2019, uma homenagem a Baden Powell, entre outras.<\/p>\n<p>\u201cEu acho que no final vou colocar \u2018Carinhoso\u2019 para o p\u00fablico cantar junto, porque o p\u00fablico gosta dessa m\u00fasica, gosta de cantar e participar at\u00e9 dan\u00e7ando. Ali \u00e9 um espa\u00e7o que prop\u00f5e tamb\u00e9m a participa\u00e7\u00e3o do povo. Como j\u00e1 fiz outras vezes, eu noto que o pessoal gosta de dan\u00e7ar. Ent\u00e3o, \u00e9 uma forma de se expressar\u201d, comenta.<\/p>\n<figure class=\"wp-block-image size-large\"><\/figure>\n<p>A banda \u00e9 composta por Potyzinho no cavaco, Jonas na bateria, Chico Lopes no sax e flauta e Tony Nogueira na voz. \u201cAs expectativas s\u00e3o as melhores poss\u00edveis, agradar ao p\u00fablico, mostrando um pouco de m\u00fasica instrumental, inclusive com pe\u00e7as autorais, pe\u00e7as minhas, e tamb\u00e9m pe\u00e7as que t\u00eam letra, com outros parceiros. S\u00e3o m\u00fasicas que eu fiz em parceria, por exemplo, com Jo\u00e3o Nogueira, com Zeca Pagodinho, com Marcos Paiva e outros compositores. Al\u00e9m das pe\u00e7as instrumentais, m\u00fasicas de minha autoria e obras consagradas de Pixinguinha, Jacob do Bandolim e outros mais\u201d, finaliza.<\/p>\n<p><strong>O artista<\/strong> \u2013 O m\u00fasico Jorge Simas tem uma longa estrada na m\u00fasica e, nessa trajet\u00f3ria, dividiu o palco e gravou mais de cinco mil faixas com grandes nomes da m\u00fasica brasileira como Nelson Gon\u00e7alves, Clara Nunes, Beth Carvalho, Alcione, Noite Ilustrada, Cauby Peixoto, Martinho da Vila, Jorge Arag\u00e3o, Fundo de Quintal, Dona Ivone Lara.<\/p>\n<p>No \u00e2mbito da m\u00fasica instrumental, tocou com Tur\u00edbio Santos, Mauro Senise, Grupo N\u00f3 em Pingo D\u2019\u00c1gua, saxofonista e clarinetista Paulo Moura em Portugal e nos Estados Unidos. \u201c\u00c9 uma caminhada longa com algumas premia\u00e7\u00f5es, como o Pr\u00eamio Sharp, Festival de Conjuntos de Choro da Secretaria de Cultura do Rio de Janeiro, entre outros. \u00c9 uma trajet\u00f3ria que me d\u00e1 bastante experi\u00eancia. Transitei tanto pela m\u00fasica instrumental, basicamente o choro, como pelo samba, bossa nova, forr\u00f3, gravando com muita gente, fazendo shows e participa\u00e7\u00f5es\u201d.<\/p>\n<p><strong>Samba na Pra\u00e7a<\/strong> \u2013 Ap\u00f3s o Sabadinho Bom, a Pra\u00e7a Rio Branco recebe mais uma edi\u00e7\u00e3o do projeto Samba na Pra\u00e7a, mantendo a programa\u00e7\u00e3o musical dedicada ao g\u00eanero. O repert\u00f3rio re\u00fane sucessos de nomes como Zeca Pagodinho, Alcione, Fundo de Quintal, Martinho da Vila, Revela\u00e7\u00e3o, Exaltasamba, Almir Guineto, Beth Carvalho, Ferrugem e Leci Brand\u00e3o.<\/p>\n<p>O grupo \u00e9 formado por Josinaldo Nascimento (voz), Figueiredo (cavaquinho), Nald\u00e3o (surdo), Jefferson (viol\u00e3o), Erisvaldo (pandeiro), M\u00e1rio e Renan (tantan), Luan, Naldo e Jorge (reco-reco) e Chida (vocal).<\/p>\n<\/p><\/div>\n","protected":false},"excerpt":{"rendered":"<p>O m\u00fasico Jorge Simas vai dar o tom do samba ao Sabadinho Bom deste final de semana. Acompanhado por seu viol\u00e3o de sete cordas, convidados especiais e banda, o artista promete muito samba e choro para fazer o p\u00fablico dan\u00e7ar, ao lado de dois convidados especiais: o soprista Chico Lopes e o cantor Tony Nogueira. [&hellip;]<\/p>\n","protected":false},"author":1,"featured_media":0,"comment_status":"","ping_status":"","sticky":false,"template":"","format":"standard","meta":{"footnotes":""},"categories":[1],"tags":[],"class_list":["post-54443","post","type-post","status-publish","format-standard","hentry","category-noticias"],"amp_enabled":true,"_links":{"self":[{"href":"https:\/\/novasdodia.com.br\/index.php\/wp-json\/wp\/v2\/posts\/54443","targetHints":{"allow":["GET"]}}],"collection":[{"href":"https:\/\/novasdodia.com.br\/index.php\/wp-json\/wp\/v2\/posts"}],"about":[{"href":"https:\/\/novasdodia.com.br\/index.php\/wp-json\/wp\/v2\/types\/post"}],"author":[{"embeddable":true,"href":"https:\/\/novasdodia.com.br\/index.php\/wp-json\/wp\/v2\/users\/1"}],"replies":[{"embeddable":true,"href":"https:\/\/novasdodia.com.br\/index.php\/wp-json\/wp\/v2\/comments?post=54443"}],"version-history":[{"count":0,"href":"https:\/\/novasdodia.com.br\/index.php\/wp-json\/wp\/v2\/posts\/54443\/revisions"}],"wp:attachment":[{"href":"https:\/\/novasdodia.com.br\/index.php\/wp-json\/wp\/v2\/media?parent=54443"}],"wp:term":[{"taxonomy":"category","embeddable":true,"href":"https:\/\/novasdodia.com.br\/index.php\/wp-json\/wp\/v2\/categories?post=54443"},{"taxonomy":"post_tag","embeddable":true,"href":"https:\/\/novasdodia.com.br\/index.php\/wp-json\/wp\/v2\/tags?post=54443"}],"curies":[{"name":"wp","href":"https:\/\/api.w.org\/{rel}","templated":true}]}}