{"id":54444,"date":"2026-09-04T11:18:38","date_gmt":"2026-09-04T14:18:38","guid":{"rendered":"https:\/\/novasdodia.com.br\/index.php\/2026\/09\/04\/campo-grande-recebe-novas-exposicoes-nesta-sexta-feira-cgnoticias\/"},"modified":"2026-09-04T11:18:38","modified_gmt":"2026-09-04T14:18:38","slug":"campo-grande-recebe-novas-exposicoes-nesta-sexta-feira-cgnoticias","status":"publish","type":"post","link":"https:\/\/novasdodia.com.br\/index.php\/2026\/09\/04\/campo-grande-recebe-novas-exposicoes-nesta-sexta-feira-cgnoticias\/","title":{"rendered":"Campo Grande recebe novas exposi\u00e7\u00f5es nesta sexta-feira \u2013 CGNot\u00edcias"},"content":{"rendered":"<p><\/p>\n<div>\n<p>Campo Grande ganha duas novas op\u00e7\u00f5es para quem aprecia artes visuais nesta sexta-feira (4). A programa\u00e7\u00e3o re\u00fane a abertura da exposi\u00e7\u00e3o \u201cFlorarium \u2013 do nativo ao end\u00eamico\u201d e a mostra \u201cFragmentos e Cicatrizes da Arquitetura Urbana\u201d, em diferentes espa\u00e7os culturais da Capital.<\/p>\n<p>A abertura de \u201cFlorarium \u2013 do nativo ao end\u00eamico\u201d ser\u00e1 realizada das 19h \u00e0s 21h, na Casa de Cultura, localizada na Avenida Afonso Pena, 2270, no Centro. A exposi\u00e7\u00e3o re\u00fane trabalhos de um coletivo de artistas e a entrada \u00e9 gratuita.<\/p>\n<p>Tamb\u00e9m est\u00e1 em cartaz a exposi\u00e7\u00e3o \u201cFragmentos e Cicatrizes da Arquitetura Urbana\u201d, dos artistas Gisele Della Barba e Fernando Anghinoni. A mostra pode ser visitada aos s\u00e1bados, das 8h \u00e0s 12h, na Galeria de Vidro, na Avenida Cal\u00f3geras, 3015.<\/p>\n<p>As exposi\u00e7\u00f5es ampliam as op\u00e7\u00f5es de acesso \u00e0 produ\u00e7\u00e3o art\u00edstica e ocupam espa\u00e7os culturais da regi\u00e3o central de Campo Grande, com propostas que passam pela rela\u00e7\u00e3o entre arte, natureza e arquitetura.<\/p>\n<p><em>#ParaTodosVeem: A imagem de capa mostra exposi\u00e7\u00e3o de artes visuais na Galeria de Vidro, com telas expostas em pain\u00e9is ao longo do corredor.<\/em><\/p>\n<\/div>\n<p><script async defer async defer src=\"https:\/\/connect.facebook.net\/en_US\/sdk.js?ver=1#xfbml=1&amp;version=v3.2\" id=\"prefeitura-campogrande-script-facebook-sdk-js\"><\/script><\/p>\n","protected":false},"excerpt":{"rendered":"<p>Campo Grande ganha duas novas op\u00e7\u00f5es para quem aprecia artes visuais nesta sexta-feira (4). A programa\u00e7\u00e3o re\u00fane a abertura da exposi\u00e7\u00e3o \u201cFlorarium \u2013 do nativo ao end\u00eamico\u201d e a mostra \u201cFragmentos e Cicatrizes da Arquitetura Urbana\u201d, em diferentes espa\u00e7os culturais da Capital. A abertura de \u201cFlorarium \u2013 do nativo ao end\u00eamico\u201d ser\u00e1 realizada das 19h [&hellip;]<\/p>\n","protected":false},"author":1,"featured_media":0,"comment_status":"","ping_status":"","sticky":false,"template":"","format":"standard","meta":{"footnotes":""},"categories":[],"tags":[],"class_list":["post-54444","post","type-post","status-publish","format-standard","hentry"],"amp_enabled":true,"_links":{"self":[{"href":"https:\/\/novasdodia.com.br\/index.php\/wp-json\/wp\/v2\/posts\/54444","targetHints":{"allow":["GET"]}}],"collection":[{"href":"https:\/\/novasdodia.com.br\/index.php\/wp-json\/wp\/v2\/posts"}],"about":[{"href":"https:\/\/novasdodia.com.br\/index.php\/wp-json\/wp\/v2\/types\/post"}],"author":[{"embeddable":true,"href":"https:\/\/novasdodia.com.br\/index.php\/wp-json\/wp\/v2\/users\/1"}],"replies":[{"embeddable":true,"href":"https:\/\/novasdodia.com.br\/index.php\/wp-json\/wp\/v2\/comments?post=54444"}],"version-history":[{"count":0,"href":"https:\/\/novasdodia.com.br\/index.php\/wp-json\/wp\/v2\/posts\/54444\/revisions"}],"wp:attachment":[{"href":"https:\/\/novasdodia.com.br\/index.php\/wp-json\/wp\/v2\/media?parent=54444"}],"wp:term":[{"taxonomy":"category","embeddable":true,"href":"https:\/\/novasdodia.com.br\/index.php\/wp-json\/wp\/v2\/categories?post=54444"},{"taxonomy":"post_tag","embeddable":true,"href":"https:\/\/novasdodia.com.br\/index.php\/wp-json\/wp\/v2\/tags?post=54444"}],"curies":[{"name":"wp","href":"https:\/\/api.w.org\/{rel}","templated":true}]}}