{"id":54445,"date":"2026-09-04T11:55:37","date_gmt":"2026-09-04T14:55:37","guid":{"rendered":"https:\/\/novasdodia.com.br\/index.php\/2026\/09\/04\/faca-parte-das-redes-sociais-do-ifsp-inscricoes-ate-13-de-setembro-ifsp\/"},"modified":"2026-09-04T11:55:37","modified_gmt":"2026-09-04T14:55:37","slug":"faca-parte-das-redes-sociais-do-ifsp-inscricoes-ate-13-de-setembro-ifsp","status":"publish","type":"post","link":"https:\/\/novasdodia.com.br\/index.php\/2026\/09\/04\/faca-parte-das-redes-sociais-do-ifsp-inscricoes-ate-13-de-setembro-ifsp\/","title":{"rendered":"Fa\u00e7a parte das redes sociais do IFSP: inscri\u00e7\u00f5es at\u00e9 13 de setembro &#8211; IFSP"},"content":{"rendered":"<p><\/p>\n<div>\n<div class=\"subtitle\">\n<p class=\"PDq2pG_selectionAnchorContainer\" data-section-id=\"4ec4sy\" data-start=\"316\" data-end=\"364\">Diretoria de Comunica\u00e7\u00e3o seleciona estudantes bolsistas para criar conte\u00fados, contar hist\u00f3rias e mostrar o que acontece no IFSP nas redes sociais<\/p>\n<\/div>\n<p><!-- fim .content-header-options-1 --><\/p>\n<p data-start=\"523\" data-end=\"690\">Voc\u00ea gosta de criar v\u00eddeos, editar conte\u00fados, escrever, pensar em ideias diferentes e acompanhar o que acontece nas redes? Ent\u00e3o\u00a0n\u00e3o perca essa oportunidade!<\/p>\n<p data-start=\"692\" data-end=\"1161\">A Diretoria de Comunica\u00e7\u00e3o (DiCom) do IFSP seleciona dois estudantes para atuar no projeto de extens\u00e3o \u201cComunica\u00e7\u00e3o Institucional nas Redes Sociais\u201d, contribuindo para a produ\u00e7\u00e3o de conte\u00fados para o TikTok e outras redes sociais institucionais. A proposta \u00e9 aproximar a comunica\u00e7\u00e3o do IFSP do p\u00fablico jovem e dar mais espa\u00e7o para conte\u00fados din\u00e2micos, criativos e conectados ao universo dos estudantes.<\/p>\n<p data-start=\"692\" data-end=\"1161\">As inscri\u00e7\u00f5es est\u00e3o abertas de 03 e 13 de setembro por meio do formul\u00e1rio dispon\u00edvel aqui. Mas antes, leia atentamente o edital disponivel aqui.\u00a0\u00a0<\/p>\n<p data-section-id=\"1ckewwn\" data-start=\"1163\" data-end=\"1194\">Quem estamos procurando?<\/p>\n<p data-start=\"1196\" data-end=\"1356\">Queremos estudantes criativos, pr\u00f3-ativos, comunicativos e com vis\u00e3o cr\u00edtica, que tenham vontade de colocar a m\u00e3o na massa e transformar ideias em conte\u00fado.<\/p>\n<p class=\"\" data-start=\"1358\" data-end=\"1604\">\u00c9 importante ter familiaridade com ferramentas de edi\u00e7\u00e3o de texto, imagem e v\u00eddeo e com redes sociais.\u00a0<\/p>\n<p class=\"\" data-start=\"1606\" data-end=\"1844\">Al\u00e9m da criatividade, \u00e9 preciso ter boa comunica\u00e7\u00e3o interpessoal, empatia, pontualidade, interesse e esp\u00edrito colaborativo, j\u00e1 que o trabalho envolve a intera\u00e7\u00e3o com diferentes p\u00fablicos e equipes.<\/p>\n<p class=\"\" data-start=\"1606\" data-end=\"1844\">N\u00e3o precisa ser influencer. Precisa ter curiosidade, criatividade e vontade de criar.<\/p>\n<p data-start=\"1846\" data-end=\"1965\"><strong>O que voc\u00ea vai fazer?<\/strong><\/p>\n<p data-start=\"1997\" data-end=\"2184\">Voc\u00ea vai participar da produ\u00e7\u00e3o de conte\u00fados para as redes sociais do IFSP, ajudando a encontrar novas formas de conversar com os estudantes e mostrar o que acontece nos diferentes campi.<\/p>\n<p data-start=\"2186\" data-end=\"2390\">\u00c9 uma oportunidade para desenvolver habilidades de comunica\u00e7\u00e3o, experimentar formatos, trabalhar em equipe e colocar seus conhecimentos em pr\u00e1tica em uma experi\u00eancia real de comunica\u00e7\u00e3o institucional.<\/p>\n<p data-section-id=\"4hmtnl\" data-start=\"2392\" data-end=\"2422\"><strong>Bolsa de R$ 700 por m\u00eas<\/strong><\/p>\n<p data-start=\"2424\" data-end=\"2662\">S\u00e3o duas vagas, com atua\u00e7\u00e3o h\u00edbrida \u2014 presencial e remota \u2014 na Diretoria de Comunica\u00e7\u00e3o da Reitoria do IFSP, durante 20 horas semanais, por at\u00e9 12 meses. Como ser\u00e3o realizadas atividades presenciais em dias previamente informados, os bolsistas precisam ter disponibilidade de se deslocar at\u00e9 a Reitoria do IFSP. Dessa forma, restringimos a participa\u00e7\u00e3o de estudantes de campi do IFSP localizados na regi\u00e3o da Grande S\u00e3o Paulo.\u00a0<\/p>\n<p data-section-id=\"1dhoyon\" data-start=\"2664\" data-end=\"2691\"><strong>Como ser\u00e1 a sele\u00e7\u00e3o?<\/strong><\/p>\n<p data-start=\"2693\" data-end=\"2721\">O processo ter\u00e1 tr\u00eas etapas:<\/p>\n<p data-start=\"2723\" data-end=\"2899\">1. Inscri\u00e7\u00e3o + v\u00eddeo<br data-start=\"2747\" data-end=\"2750\"\/> Preencha o formul\u00e1rio disponivel aqui e envie um v\u00eddeo de at\u00e9 90 segundos\u00a0se apresentando e contando por que voc\u00ea quer participar do projeto.<\/p>\n<p data-start=\"2901\" data-end=\"3073\">2. Entrevista<br data-start=\"2918\" data-end=\"2921\"\/> Os estudantes selecionados na primeira etapa participar\u00e3o de uma entrevista, que poder\u00e1 ser presencial ou on-line.<\/p>\n<p data-start=\"3075\" data-end=\"3258\">3. Desafio de v\u00eddeo<br data-start=\"3098\" data-end=\"3101\"\/> Os candidatos selecionados dever\u00e3o produzir e editar um v\u00eddeo a partir de uma tem\u00e1tica proposta pela equipe do projeto.<\/p>\n<p data-start=\"3075\" data-end=\"3258\"><strong>Cronograma<\/strong><\/p>\n<p data-start=\"3260\" data-end=\"3529\">Inscri\u00e7\u00f5es: 3 a 13 de setembro de 2026<br data-start=\"3305\" data-end=\"3308\"\/>Entrevistas: 17 e 18 de setembro<br data-start=\"3347\" data-end=\"3350\"\/>Envio dos v\u00eddeos da 3\u00aa etapa: 21 de setembro<br data-start=\"3401\" data-end=\"3404\"\/>Resultado: 23 de setembro<br data-start=\"3436\" data-end=\"3439\"\/>In\u00edcio das atividades: 28 de setembro de 2026<\/p>\n<p data-start=\"3810\" data-end=\"3904\"><strong>Documentos<\/strong><\/p>\n<p data-start=\"3810\" data-end=\"3904\">Edital n\u00ba 173\/2026<\/p>\n<p data-start=\"3810\" data-end=\"3904\">Formul\u00e1rio de inscri\u00e7\u00e3o\u00a0<\/p>\n<p data-start=\"3906\" data-end=\"3951\">\u00a0<\/p>\n<\/div>\n","protected":false},"excerpt":{"rendered":"<p>Diretoria de Comunica\u00e7\u00e3o seleciona estudantes bolsistas para criar conte\u00fados, contar hist\u00f3rias e mostrar o que acontece no IFSP nas redes sociais Voc\u00ea gosta de criar v\u00eddeos, editar conte\u00fados, escrever, pensar em ideias diferentes e acompanhar o que acontece nas redes? Ent\u00e3o\u00a0n\u00e3o perca essa oportunidade! A Diretoria de Comunica\u00e7\u00e3o (DiCom) do IFSP seleciona dois estudantes para [&hellip;]<\/p>\n","protected":false},"author":1,"featured_media":0,"comment_status":"","ping_status":"","sticky":false,"template":"","format":"standard","meta":{"footnotes":""},"categories":[1],"tags":[],"class_list":["post-54445","post","type-post","status-publish","format-standard","hentry","category-noticias"],"amp_enabled":true,"_links":{"self":[{"href":"https:\/\/novasdodia.com.br\/index.php\/wp-json\/wp\/v2\/posts\/54445","targetHints":{"allow":["GET"]}}],"collection":[{"href":"https:\/\/novasdodia.com.br\/index.php\/wp-json\/wp\/v2\/posts"}],"about":[{"href":"https:\/\/novasdodia.com.br\/index.php\/wp-json\/wp\/v2\/types\/post"}],"author":[{"embeddable":true,"href":"https:\/\/novasdodia.com.br\/index.php\/wp-json\/wp\/v2\/users\/1"}],"replies":[{"embeddable":true,"href":"https:\/\/novasdodia.com.br\/index.php\/wp-json\/wp\/v2\/comments?post=54445"}],"version-history":[{"count":0,"href":"https:\/\/novasdodia.com.br\/index.php\/wp-json\/wp\/v2\/posts\/54445\/revisions"}],"wp:attachment":[{"href":"https:\/\/novasdodia.com.br\/index.php\/wp-json\/wp\/v2\/media?parent=54445"}],"wp:term":[{"taxonomy":"category","embeddable":true,"href":"https:\/\/novasdodia.com.br\/index.php\/wp-json\/wp\/v2\/categories?post=54445"},{"taxonomy":"post_tag","embeddable":true,"href":"https:\/\/novasdodia.com.br\/index.php\/wp-json\/wp\/v2\/tags?post=54445"}],"curies":[{"name":"wp","href":"https:\/\/api.w.org\/{rel}","templated":true}]}}