{"id":54447,"date":"2026-09-04T12:38:41","date_gmt":"2026-09-04T15:38:41","guid":{"rendered":"https:\/\/novasdodia.com.br\/index.php\/2026\/09\/04\/consultorio-veterinario-movel-atendera-no-recreio-dos-sorocabanos-na-proxima-semana-agencia-de-noticias\/"},"modified":"2026-09-04T12:38:41","modified_gmt":"2026-09-04T15:38:41","slug":"consultorio-veterinario-movel-atendera-no-recreio-dos-sorocabanos-na-proxima-semana-agencia-de-noticias","status":"publish","type":"post","link":"https:\/\/novasdodia.com.br\/index.php\/2026\/09\/04\/consultorio-veterinario-movel-atendera-no-recreio-dos-sorocabanos-na-proxima-semana-agencia-de-noticias\/","title":{"rendered":"Consult\u00f3rio Veterin\u00e1rio M\u00f3vel atender\u00e1 no Recreio dos Sorocabanos na pr\u00f3xima semana \u2013 Ag\u00eancia de Not\u00edcias"},"content":{"rendered":"<p><\/p>\n<div>\n<div class=\"col\">\n<p class=\"mt-0\">\n\t\t\t\t\t\t<strong><br \/>\n\t\t\t\t\t\t\t<span class=\"far fa-calendar mr-1 mt-2\"\/><br \/>\n\t\t\t\t\t\t\t4 de setembro de 2026<br \/>\n\t\t\t\t\t\t\t<span class=\"far fa-clock ml-3 mt-2\"\/><br \/>\n\t\t\t\t\t\t\t10:27<br \/>\n\t\t\t\t\t\t<\/strong>\n\t\t\t\t\t<\/p>\n<p class=\"mb-0\">Por: <strong>Mariana Campos<\/strong><\/p>\n<\/p><\/div>\n<\/p><\/div>\n<div>\n<p class=\"\">\n<p class=\"\">O Consult\u00f3rio Veterin\u00e1rio M\u00f3vel atender\u00e1, na pr\u00f3xima semana, de 8 a 11 de setembro, das 9h \u00e0s 14h, c\u00e3es e gatos de tutores de Sorocaba no Recreio dos Sorocabanos. A unidade m\u00f3vel estar\u00e1 estacionada em frente \u00e0 Escola Municipal \u2018Professora\u00a0 Odilla Caldini Crespo\u2019, que est\u00e1 localizada na Rua Jo\u00e3o Pedro Luz, 260. As vagas s\u00e3o limitadas e as inscri\u00e7\u00f5es devem ser feitas pelo link: https:\/\/agenda-eventos.sorocaba.sp.gov.br\/clinica-veterinaria-movel-em-odilla-caldini-crespo-prof-recreio-dos-sorocabanos\/.<\/p>\n<p>Promovido pela Prefeitura de Sorocaba, por meio da Secretaria do Meio Ambiente, Prote\u00e7\u00e3o e Bem-Estar Animal (Sema), o projeto nasce com foco na descentraliza\u00e7\u00e3o do atendimento p\u00fablico veterin\u00e1rio, aproximando os servi\u00e7os essenciais da popula\u00e7\u00e3o, especialmente em regi\u00f5es de maior vulnerabilidade social e com dificuldade de acesso aos atendimentos convencionais.<\/p>\n<p class=\"\">No consult\u00f3rio m\u00f3vel, de forma gratuita, s\u00e3o oferecidas consultas veterin\u00e1rias preventivas, orienta\u00e7\u00f5es aos tutores, avalia\u00e7\u00e3o cl\u00ednica, acompanhamento b\u00e1sico de sa\u00fade animal e encaminhamentos quando necess\u00e1rios.<\/p>\n<p>O p\u00fablico priorit\u00e1rio s\u00e3o as fam\u00edlias em situa\u00e7\u00e3o de vulnerabilidade social que possuam o Cadastro \u00danico (Cad\u00danico) ativo, do Governo Federal, com renda familiar de at\u00e9 dois sal\u00e1rios m\u00ednimos. Mais informa\u00e7\u00f5es podem ser obtidas junto \u00e0 Sema, de segunda a sexta-feira, das 8h \u00e0s 16h, pelo telefone: (15) 3219-2280.<br \/><!--\/data\/user\/0\/com.samsung.android.app.notes\/files\/clipdata\/clipdata_bodytext_260904_102413_007.sdocx--><\/p>\n<\/p><\/div>\n","protected":false},"excerpt":{"rendered":"<p>4 de setembro de 2026 10:27 Por: Mariana Campos O Consult\u00f3rio Veterin\u00e1rio M\u00f3vel atender\u00e1, na pr\u00f3xima semana, de 8 a 11 de setembro, das 9h \u00e0s 14h, c\u00e3es e gatos de tutores de Sorocaba no Recreio dos Sorocabanos. A unidade m\u00f3vel estar\u00e1 estacionada em frente \u00e0 Escola Municipal \u2018Professora\u00a0 Odilla Caldini Crespo\u2019, que est\u00e1 localizada [&hellip;]<\/p>\n","protected":false},"author":1,"featured_media":0,"comment_status":"","ping_status":"","sticky":false,"template":"","format":"standard","meta":{"footnotes":""},"categories":[1],"tags":[],"class_list":["post-54447","post","type-post","status-publish","format-standard","hentry","category-noticias"],"amp_enabled":true,"_links":{"self":[{"href":"https:\/\/novasdodia.com.br\/index.php\/wp-json\/wp\/v2\/posts\/54447","targetHints":{"allow":["GET"]}}],"collection":[{"href":"https:\/\/novasdodia.com.br\/index.php\/wp-json\/wp\/v2\/posts"}],"about":[{"href":"https:\/\/novasdodia.com.br\/index.php\/wp-json\/wp\/v2\/types\/post"}],"author":[{"embeddable":true,"href":"https:\/\/novasdodia.com.br\/index.php\/wp-json\/wp\/v2\/users\/1"}],"replies":[{"embeddable":true,"href":"https:\/\/novasdodia.com.br\/index.php\/wp-json\/wp\/v2\/comments?post=54447"}],"version-history":[{"count":0,"href":"https:\/\/novasdodia.com.br\/index.php\/wp-json\/wp\/v2\/posts\/54447\/revisions"}],"wp:attachment":[{"href":"https:\/\/novasdodia.com.br\/index.php\/wp-json\/wp\/v2\/media?parent=54447"}],"wp:term":[{"taxonomy":"category","embeddable":true,"href":"https:\/\/novasdodia.com.br\/index.php\/wp-json\/wp\/v2\/categories?post=54447"},{"taxonomy":"post_tag","embeddable":true,"href":"https:\/\/novasdodia.com.br\/index.php\/wp-json\/wp\/v2\/tags?post=54447"}],"curies":[{"name":"wp","href":"https:\/\/api.w.org\/{rel}","templated":true}]}}