{"id":54448,"date":"2026-09-04T12:42:38","date_gmt":"2026-09-04T15:42:38","guid":{"rendered":"https:\/\/novasdodia.com.br\/index.php\/2026\/09\/04\/campo-grande-lanca-escola-de-saude-publica-na-proxima-terca-feira-8-cgnoticias\/"},"modified":"2026-09-04T12:42:38","modified_gmt":"2026-09-04T15:42:38","slug":"campo-grande-lanca-escola-de-saude-publica-na-proxima-terca-feira-8-cgnoticias","status":"publish","type":"post","link":"https:\/\/novasdodia.com.br\/index.php\/2026\/09\/04\/campo-grande-lanca-escola-de-saude-publica-na-proxima-terca-feira-8-cgnoticias\/","title":{"rendered":"Campo Grande lan\u00e7a Escola de Sa\u00fade P\u00fablica na pr\u00f3xima ter\u00e7a-feira (8) \u2013 CGNot\u00edcias"},"content":{"rendered":"<p><\/p>\n<div>\n<p>A Secretaria Municipal de Sa\u00fade de Campo Grande (Sesau) lan\u00e7a, na pr\u00f3xima ter\u00e7a-feira (8), a Escola de Sa\u00fade P\u00fablica de Campo Grande (ESP-CG), iniciativa voltada \u00e0 qualifica\u00e7\u00e3o permanente dos profissionais e ao fortalecimento do Sistema \u00danico de Sa\u00fade (SUS). O evento, que integra o calend\u00e1rio festivo dos 127 anos de Campo Grande, ser\u00e1 realizado \u00e0s 8h, no audit\u00f3rio da Universidade Federal de Mato Grosso do Sul (UFMS).<\/p>\n<p>A ESP-CG nasce com a proposta de aproximar educa\u00e7\u00e3o, servi\u00e7o, gest\u00e3o, pesquisa e inova\u00e7\u00e3o, transformando os desafios encontrados diariamente na rede municipal em oportunidades de forma\u00e7\u00e3o e desenvolvimento de novas solu\u00e7\u00f5es para a sa\u00fade p\u00fablica.<\/p>\n<p>Durante o evento tamb\u00e9m ser\u00e1 realizada a assinatura do Contrato Organizativo de A\u00e7\u00e3o P\u00fablica Ensino-Sa\u00fade (COAPES), estrat\u00e9gia que amplia a integra\u00e7\u00e3o entre a rede municipal de sa\u00fade e institui\u00e7\u00f5es de ensino. A iniciativa busca organizar e fortalecer a presen\u00e7a de estudantes, residentes, professores e pesquisadores nos servi\u00e7os do SUS.<\/p>\n<p>Na pr\u00e1tica, a parceria permitir\u00e1 aproximar a forma\u00e7\u00e3o profissional da realidade das unidades de sa\u00fade, ampliar campos de est\u00e1gio e resid\u00eancia, estimular pesquisas sobre demandas reais da popula\u00e7\u00e3o e favorecer a constru\u00e7\u00e3o de solu\u00e7\u00f5es que possam contribuir para a melhoria dos servi\u00e7os.<\/p>\n<p>Com a Escola de Sa\u00fade P\u00fablica e o COAPES, Campo Grande fortalece uma rede de aprendizagem que re\u00fane trabalhadores, gestores, estudantes, universidades e pesquisadores. A proposta \u00e9 transformar o pr\u00f3prio SUS em espa\u00e7o permanente de forma\u00e7\u00e3o, produ\u00e7\u00e3o de conhecimento e inova\u00e7\u00e3o.<\/p>\n<p>O objetivo final \u00e9 refletir diretamente na assist\u00eancia, resultando em profissionais mais preparados, servi\u00e7os mais qualificados e um cuidado cada vez mais eficiente para a popula\u00e7\u00e3o. A cria\u00e7\u00e3o da ESP-CG consolida, assim, o investimento na forma\u00e7\u00e3o das pessoas que fazem o SUS acontecer todos os dias.<\/p>\n<p><strong>Servi\u00e7o \u2013 Lan\u00e7amento da Escola de Sa\u00fade P\u00fablica e assinatura do COAPES<\/strong><\/p>\n<p>Data: 8 de setembro (ter\u00e7a-feira)<\/p>\n<p>Hor\u00e1rio: 8 horas<\/p>\n<p>Local: UFMS \u2013 Audit\u00f3rio Multiuso II<\/p>\n<\/div>\n<p><script async defer async defer src=\"https:\/\/connect.facebook.net\/en_US\/sdk.js?ver=1#xfbml=1&amp;version=v3.2\" id=\"prefeitura-campogrande-script-facebook-sdk-js\"><\/script><\/p>\n","protected":false},"excerpt":{"rendered":"<p>A Secretaria Municipal de Sa\u00fade de Campo Grande (Sesau) lan\u00e7a, na pr\u00f3xima ter\u00e7a-feira (8), a Escola de Sa\u00fade P\u00fablica de Campo Grande (ESP-CG), iniciativa voltada \u00e0 qualifica\u00e7\u00e3o permanente dos profissionais e ao fortalecimento do Sistema \u00danico de Sa\u00fade (SUS). O evento, que integra o calend\u00e1rio festivo dos 127 anos de Campo Grande, ser\u00e1 realizado \u00e0s [&hellip;]<\/p>\n","protected":false},"author":1,"featured_media":0,"comment_status":"","ping_status":"","sticky":false,"template":"","format":"standard","meta":{"footnotes":""},"categories":[],"tags":[],"class_list":["post-54448","post","type-post","status-publish","format-standard","hentry"],"amp_enabled":true,"_links":{"self":[{"href":"https:\/\/novasdodia.com.br\/index.php\/wp-json\/wp\/v2\/posts\/54448","targetHints":{"allow":["GET"]}}],"collection":[{"href":"https:\/\/novasdodia.com.br\/index.php\/wp-json\/wp\/v2\/posts"}],"about":[{"href":"https:\/\/novasdodia.com.br\/index.php\/wp-json\/wp\/v2\/types\/post"}],"author":[{"embeddable":true,"href":"https:\/\/novasdodia.com.br\/index.php\/wp-json\/wp\/v2\/users\/1"}],"replies":[{"embeddable":true,"href":"https:\/\/novasdodia.com.br\/index.php\/wp-json\/wp\/v2\/comments?post=54448"}],"version-history":[{"count":0,"href":"https:\/\/novasdodia.com.br\/index.php\/wp-json\/wp\/v2\/posts\/54448\/revisions"}],"wp:attachment":[{"href":"https:\/\/novasdodia.com.br\/index.php\/wp-json\/wp\/v2\/media?parent=54448"}],"wp:term":[{"taxonomy":"category","embeddable":true,"href":"https:\/\/novasdodia.com.br\/index.php\/wp-json\/wp\/v2\/categories?post=54448"},{"taxonomy":"post_tag","embeddable":true,"href":"https:\/\/novasdodia.com.br\/index.php\/wp-json\/wp\/v2\/tags?post=54448"}],"curies":[{"name":"wp","href":"https:\/\/api.w.org\/{rel}","templated":true}]}}