{"id":54454,"date":"2026-09-04T16:08:34","date_gmt":"2026-09-04T19:08:34","guid":{"rendered":"https:\/\/novasdodia.com.br\/index.php\/2026\/09\/04\/edital-no-26-2026-resultado-final-da-avaliacao-presencial-de-portugues-para-estrangeiros-ifsp\/"},"modified":"2026-09-04T16:08:34","modified_gmt":"2026-09-04T19:08:34","slug":"edital-no-26-2026-resultado-final-da-avaliacao-presencial-de-portugues-para-estrangeiros-ifsp","status":"publish","type":"post","link":"https:\/\/novasdodia.com.br\/index.php\/2026\/09\/04\/edital-no-26-2026-resultado-final-da-avaliacao-presencial-de-portugues-para-estrangeiros-ifsp\/","title":{"rendered":"Edital n\u00ba 26\/2026: resultado final da avalia\u00e7\u00e3o presencial de Portugu\u00eas para estrangeiros\u00a0 &#8211; IFSP"},"content":{"rendered":"<p><\/p>\n<div>\n<div class=\"subtitle\">\n<p>Prova certifica conhecimentos de portugu\u00eas e pode abrir novos caminhos para a vida profissional no Brasil\u00a0<\/p>\n<\/div>\n<p><!-- fim .content-header-options-1 --><\/p>\n<p><span data-contrast=\"auto\">O Instituto Federal de S\u00e3o Paulo (IFSP) divulga nesta sexta-feira (4) o resultado final da avalia\u00e7\u00e3o presencial de L\u00edngua Portuguesa destinada a estrangeiros, imigrantes e refugiados que conclu\u00edram cursos de Portugu\u00eas ofertados pelo Instituto Federal do Rio Grande do Sul (IFRS), de acordo com o Edital n\u00ba 26\/2026. A avalia\u00e7\u00e3o \u00e9 aplicada pelo IFSP e constitui uma das etapas necess\u00e1rias para a valida\u00e7\u00e3o de cursos realizados a dist\u00e2ncia no \u00e2mbito dos processos de naturaliza\u00e7\u00e3o.<\/span><span data-ccp-props=\"{&quot;134233117&quot;:false,&quot;134233118&quot;:false,&quot;335559738&quot;:240,&quot;335559739&quot;:240}\">\u00a0<\/span><\/p>\n<p><span data-contrast=\"auto\">Mais do que avaliar conhecimentos da l\u00edngua portuguesa, a iniciativa pode representar um passo importante para participantes que desejam concluir seu processo de naturaliza\u00e7\u00e3o e ampliar suas oportunidades no Brasil. A comprova\u00e7\u00e3o de profici\u00eancia em L\u00edngua Portuguesa \u00e9 uma das exig\u00eancias previstas para o processo de naturaliza\u00e7\u00e3o.<\/span><span data-ccp-props=\"{&quot;134233117&quot;:false,&quot;134233118&quot;:false,&quot;335559738&quot;:240,&quot;335559739&quot;:240}\">\u00a0<\/span><\/p>\n<p><span data-contrast=\"auto\">A avalia\u00e7\u00e3o verifica a capacidade de <\/span><span data-contrast=\"auto\">compreens\u00e3o, interpreta\u00e7\u00e3o e comunica\u00e7\u00e3o b\u00e1sica em portugu\u00eas<\/span><span data-contrast=\"auto\"> e \u00e9 composta por atividades de compreens\u00e3o auditiva, compreens\u00e3o leitora, express\u00e3o escrita e express\u00e3o oral. Para aprova\u00e7\u00e3o, \u00e9 necess\u00e1rio alcan\u00e7ar aproveitamento m\u00ednimo de 70%.<\/span><span data-ccp-props=\"{&quot;134233117&quot;:false,&quot;134233118&quot;:false,&quot;335559738&quot;:240,&quot;335559739&quot;:240}\">\u00a0<\/span><\/p>\n<p><b><span data-contrast=\"auto\">Gratuidade amplia acesso<\/span><\/b><span data-ccp-props=\"{&quot;134233117&quot;:false,&quot;134233118&quot;:false,&quot;134245418&quot;:true,&quot;134245529&quot;:true,&quot;335559738&quot;:281,&quot;335559739&quot;:281}\">\u00a0<\/span><\/p>\n<p><span data-contrast=\"auto\">Os \u00faltimos editais publicados contaram com <\/span><span data-contrast=\"auto\">inscritos de 26 pa\u00edses:<\/span><span data-contrast=\"auto\"> Haiti, R\u00fassia, Afeganist\u00e3o, Bangladesh, B\u00e9lgica, Bielorr\u00fassia, Bol\u00edvia, Camar\u00f5es, Chile, China, Col\u00f4mbia, Espanha, Filipinas, Fran\u00e7a, Ir\u00e3, It\u00e1lia, L\u00edbano, Nig\u00e9ria, S\u00edria, Suriname, Tanz\u00e2nia, Tun\u00edsia, Turquia, Ucr\u00e2nia, Estados Unidos e Venezuela.\u00a0<\/span><span data-ccp-props=\"{&quot;134233117&quot;:false,&quot;134233118&quot;:false,&quot;201341983&quot;:0,&quot;335551550&quot;:1,&quot;335551620&quot;:1,&quot;335559685&quot;:0,&quot;335559737&quot;:0,&quot;335559738&quot;:240,&quot;335559739&quot;:240,&quot;335559740&quot;:279}\">\u00a0<\/span><\/p>\n<p><span data-contrast=\"auto\">No edital n\u00ba 26\/2026, os haitianos e russos foram os grupos mais numerosos, com 35 participantes juntos.<\/span><span data-ccp-props=\"{&quot;134233117&quot;:false,&quot;134233118&quot;:false,&quot;201341983&quot;:0,&quot;335551550&quot;:1,&quot;335551620&quot;:1,&quot;335559685&quot;:0,&quot;335559737&quot;:0,&quot;335559738&quot;:240,&quot;335559739&quot;:240,&quot;335559740&quot;:279}\">\u00a0<\/span><\/p>\n<p><span data-contrast=\"auto\">Para o coordenador pedag\u00f3gico do Programa Portugu\u00eas como L\u00edngua Adicional (PLA) do IFSP, <\/span><span data-contrast=\"auto\">Flavio Valadares,<\/span><span data-contrast=\"auto\"> a gratuidade da forma\u00e7\u00e3o e da avalia\u00e7\u00e3o \u00e9 um fator importante para ampliar o acesso de imigrantes e refugiados.<\/span><span data-ccp-props=\"{&quot;134233117&quot;:false,&quot;134233118&quot;:false,&quot;335559738&quot;:240,&quot;335559739&quot;:240}\">\u00a0<\/span><\/p>\n<p><span data-contrast=\"auto\">A prepara\u00e7\u00e3o para a comprova\u00e7\u00e3o de profici\u00eancia envolve duas etapas: a realiza\u00e7\u00e3o do curso on-line de Portugu\u00eas como L\u00edngua Adicional, oferecido na plataforma <\/span>Aprenda Mais<span data-contrast=\"auto\">, e a avalia\u00e7\u00e3o presencial aplicada pelo IFSP.<\/span><span data-ccp-props=\"{&quot;134233117&quot;:false,&quot;134233118&quot;:false,&quot;335559738&quot;:240,&quot;335559739&quot;:240}\">\u00a0<\/span><\/p>\n<p><span data-contrast=\"auto\">A possibilidade de realizar todo o processo gratuitamente \u00e9 especialmente relevante para pessoas que chegam ao Brasil sem condi\u00e7\u00f5es financeiras para custear cursos de L\u00edngua Portuguesa.<\/span><span data-ccp-props=\"{&quot;134233117&quot;:false,&quot;134233118&quot;:false,&quot;335559738&quot;:240,&quot;335559739&quot;:240}\">\u00a0<\/span><\/p>\n<p><b><span data-contrast=\"none\">Portugu\u00eas para abrir novos caminhos<\/span><\/b><span data-ccp-props=\"{&quot;134233117&quot;:false,&quot;134233118&quot;:false,&quot;134245418&quot;:true,&quot;134245529&quot;:true,&quot;335559738&quot;:281,&quot;335559739&quot;:281}\">\u00a0<\/span><\/p>\n<p><span data-contrast=\"auto\">A aprova\u00e7\u00e3o na avalia\u00e7\u00e3o pode permitir que os participantes avancem no processo de naturaliza\u00e7\u00e3o e, a partir disso, tenham acesso a novas possibilidades no pa\u00eds. Entre elas est\u00e1 a amplia\u00e7\u00e3o das oportunidades no mundo do trabalho, inclusive a possibilidade de exercer atividades relacionadas \u00e0 forma\u00e7\u00e3o profissional adquirida no pa\u00eds de origem.<\/span><span data-ccp-props=\"{&quot;134233117&quot;:false,&quot;134233118&quot;:false,&quot;335559738&quot;:240,&quot;335559739&quot;:240}\">\u00a0<\/span><\/p>\n<p><span data-contrast=\"auto\">O processo, no entanto, pode ser desafiador. Segundo Flavio, \u00e9 comum que os participantes cheguem para a avalia\u00e7\u00e3o bastante nervosos. Alguns vivem no Brasil h\u00e1 anos, mas ainda encontram dificuldades para se expressar com flu\u00eancia. Outros tiveram pouco ou nenhum acesso \u00e0 escolariza\u00e7\u00e3o formal, o que pode dificultar especialmente a realiza\u00e7\u00e3o das atividades de express\u00e3o escrita.<\/span><span data-ccp-props=\"{&quot;134233117&quot;:false,&quot;134233118&quot;:false,&quot;335559738&quot;:240,&quot;335559739&quot;:240}\">\u00a0<\/span><span data-contrast=\"auto\">Por isso, a avalia\u00e7\u00e3o tamb\u00e9m representa um momento importante de acolhimento, como relata Fl\u00e1vio: &#8220;recebemos e-mails de participantes agradecendo o acolhimento no dia da prova, destacando o trabalho da equipe de aplica\u00e7\u00e3o da avalia\u00e7\u00e3o e a tranquilidade que passamos a eles&#8221;.\u00a0<\/span><\/p>\n<p><span data-contrast=\"auto\">A avalia\u00e7\u00e3o \u00e9 realizada pela <\/span>Pr\u00f3-Reitoria de Extens\u00e3o e Cultura e pela Coordenadoria de Rela\u00e7\u00f5es Internacionais do IFSP<span data-contrast=\"auto\">, em parceria com o IFRS, e atende \u00e0s exig\u00eancias do processo de naturaliza\u00e7\u00e3o estabelecidas pelo Minist\u00e9rio da Justi\u00e7a e Seguran\u00e7a P\u00fablica.<\/span><span data-ccp-props=\"{&quot;134233117&quot;:false,&quot;134233118&quot;:false,&quot;335559738&quot;:240,&quot;335559739&quot;:240}\">\u00a0<\/span><\/p>\n<p><b><span data-contrast=\"none\">Resultado<\/span><\/b><span data-ccp-props=\"{&quot;134233117&quot;:false,&quot;134233118&quot;:false,&quot;134245418&quot;:true,&quot;134245529&quot;:true,&quot;335559738&quot;:281,&quot;335559739&quot;:281}\">\u00a0<br \/>Comunicado n\u00ba 4 &#8211;\u00a0Resultado final\u00a0\u00a0publicado em 04\/09\/2026<br \/><\/span><\/p>\n<p>Veja aqui as etapas anteriores da avalia\u00e7\u00e3o<\/p>\n<p>\u00a0<\/p>\n<\/div>\n","protected":false},"excerpt":{"rendered":"<p>Prova certifica conhecimentos de portugu\u00eas e pode abrir novos caminhos para a vida profissional no Brasil\u00a0 O Instituto Federal de S\u00e3o Paulo (IFSP) divulga nesta sexta-feira (4) o resultado final da avalia\u00e7\u00e3o presencial de L\u00edngua Portuguesa destinada a estrangeiros, imigrantes e refugiados que conclu\u00edram cursos de Portugu\u00eas ofertados pelo Instituto Federal do Rio Grande do [&hellip;]<\/p>\n","protected":false},"author":1,"featured_media":0,"comment_status":"","ping_status":"","sticky":false,"template":"","format":"standard","meta":{"footnotes":""},"categories":[1],"tags":[],"class_list":["post-54454","post","type-post","status-publish","format-standard","hentry","category-noticias"],"amp_enabled":true,"_links":{"self":[{"href":"https:\/\/novasdodia.com.br\/index.php\/wp-json\/wp\/v2\/posts\/54454","targetHints":{"allow":["GET"]}}],"collection":[{"href":"https:\/\/novasdodia.com.br\/index.php\/wp-json\/wp\/v2\/posts"}],"about":[{"href":"https:\/\/novasdodia.com.br\/index.php\/wp-json\/wp\/v2\/types\/post"}],"author":[{"embeddable":true,"href":"https:\/\/novasdodia.com.br\/index.php\/wp-json\/wp\/v2\/users\/1"}],"replies":[{"embeddable":true,"href":"https:\/\/novasdodia.com.br\/index.php\/wp-json\/wp\/v2\/comments?post=54454"}],"version-history":[{"count":0,"href":"https:\/\/novasdodia.com.br\/index.php\/wp-json\/wp\/v2\/posts\/54454\/revisions"}],"wp:attachment":[{"href":"https:\/\/novasdodia.com.br\/index.php\/wp-json\/wp\/v2\/media?parent=54454"}],"wp:term":[{"taxonomy":"category","embeddable":true,"href":"https:\/\/novasdodia.com.br\/index.php\/wp-json\/wp\/v2\/categories?post=54454"},{"taxonomy":"post_tag","embeddable":true,"href":"https:\/\/novasdodia.com.br\/index.php\/wp-json\/wp\/v2\/tags?post=54454"}],"curies":[{"name":"wp","href":"https:\/\/api.w.org\/{rel}","templated":true}]}}