{"id":54455,"date":"2026-09-04T16:50:44","date_gmt":"2026-09-04T19:50:44","guid":{"rendered":"https:\/\/novasdodia.com.br\/index.php\/2026\/09\/04\/confira-a-agenda-do-procon-movel-para-a-proxima-semana-agencia-de-noticias\/"},"modified":"2026-09-04T16:50:44","modified_gmt":"2026-09-04T19:50:44","slug":"confira-a-agenda-do-procon-movel-para-a-proxima-semana-agencia-de-noticias","status":"publish","type":"post","link":"https:\/\/novasdodia.com.br\/index.php\/2026\/09\/04\/confira-a-agenda-do-procon-movel-para-a-proxima-semana-agencia-de-noticias\/","title":{"rendered":"Confira a agenda do Procon M\u00f3vel para a pr\u00f3xima semana \u2013 Ag\u00eancia de Not\u00edcias"},"content":{"rendered":"<p><\/p>\n<div>\n<div class=\"col\">\n<p class=\"mt-0\">\n\t\t\t\t\t\t<strong><br \/>\n\t\t\t\t\t\t\t<span class=\"far fa-calendar mr-1 mt-2\"\/><br \/>\n\t\t\t\t\t\t\t4 de setembro de 2026<br \/>\n\t\t\t\t\t\t\t<span class=\"far fa-clock ml-3 mt-2\"\/><br \/>\n\t\t\t\t\t\t\t12:42<br \/>\n\t\t\t\t\t\t<\/strong>\n\t\t\t\t\t<\/p>\n<p class=\"mb-0\">Por: <strong>Vinicius Castanho<\/strong><\/p>\n<\/p><\/div>\n<\/p><\/div>\n<div>\n<p class=\"\">O Procon M\u00f3vel prestar\u00e1 atendimentos durante quatro dias, em tr\u00eas diferentes pontos da cidade, entre os pr\u00f3ximos dias 9 e 12 de setembro. Sem a necessidade de agendamento pr\u00e9vio, a popula\u00e7\u00e3o poder\u00e1 recorrer aos servi\u00e7os relacionados aos direitos do consumidor, participar do Programa de Apoio ao Superendividado (PAS) ou renegociar suas d\u00edvidas.<\/p>\n<p class=\"\">Na quarta-feira (9), a partir das 16h30, a unidade itinerante estacionar\u00e1 ao lado do Centro Esportivo do Jardim Maria Eug\u00eania, localizado na Rua Dante Trevizan, 199.<\/p>\n<p class=\"\">J\u00e1 na quinta (10) e na sexta-feira (11), os servi\u00e7os ir\u00e3o ao Jardim Carand\u00e1, das 9h30 \u00e0s 18h, ao lado do Centro de Refer\u00eancia de Assist\u00eancia Social (Cras), que fica na Rua Abdias dos Santos, 251.<\/p>\n<p class=\"\">Encerrando a semana, no s\u00e1bado (12), a partir das 16h, os atendimentos estar\u00e3o dispon\u00edveis aos moradores do Jardim Nova Esperan\u00e7a, numa \u00e1rea p\u00fablica da Rua Monsenhor Benedito M\u00e1rio Calazans.<\/p>\n<p class=\"\">O Procon Sorocaba, vinculado \u00e0 Prefeitura de Sorocaba, por meio da Secretaria de Governo (Segov), atua na prote\u00e7\u00e3o e na defesa dos direitos do consumidor. No Procon M\u00f3vel, s\u00e3o feitos registros de solicita\u00e7\u00f5es e abertura de reclama\u00e7\u00f5es referentes ao direito do consumidor, al\u00e9m de orienta\u00e7\u00f5es e encaminhamentos.<\/p>\n<p class=\"\">Em raz\u00e3o do feriado do Dia da Independ\u00eancia do Brasil na segunda-feira (7), na pr\u00f3xima semana, os atendimentos presenciais estar\u00e3o dispon\u00edveis na sede do Procon Sorocaba, que fica na Avenida Ant\u00f4nio Carlos Comitre, 331, Parque Campolim, das 9h \u00e0s 16h, de ter\u00e7a a sexta-feira; e nas Casas do Cidad\u00e3o, tamb\u00e9m de ter\u00e7a a sexta-feira: nas unidades Pa\u00e7o Municipal, \u00c9den, Itavuvu, Ipanema, Ipiranga, Nogueira Padilha e Brigadeiro Tobias, das 8h \u00e0s 17h, e na unidade P\u00e1tio Cian\u00ea Shopping, das 10h \u00e0s 19h.<\/p>\n<p class=\"\">O consumidor que tiver d\u00favidas, identificar ou suspeitar de irregularidades ainda pode acionar o Procon Sorocaba, por meio do WhatsApp: (15) 99111-7448 e do site: https:\/\/procon.sorocaba.sp.gov.br\/.<\/p>\n<\/p><\/div>\n","protected":false},"excerpt":{"rendered":"<p>4 de setembro de 2026 12:42 Por: Vinicius Castanho O Procon M\u00f3vel prestar\u00e1 atendimentos durante quatro dias, em tr\u00eas diferentes pontos da cidade, entre os pr\u00f3ximos dias 9 e 12 de setembro. Sem a necessidade de agendamento pr\u00e9vio, a popula\u00e7\u00e3o poder\u00e1 recorrer aos servi\u00e7os relacionados aos direitos do consumidor, participar do Programa de Apoio ao [&hellip;]<\/p>\n","protected":false},"author":1,"featured_media":0,"comment_status":"","ping_status":"","sticky":false,"template":"","format":"standard","meta":{"footnotes":""},"categories":[1],"tags":[],"class_list":["post-54455","post","type-post","status-publish","format-standard","hentry","category-noticias"],"amp_enabled":true,"_links":{"self":[{"href":"https:\/\/novasdodia.com.br\/index.php\/wp-json\/wp\/v2\/posts\/54455","targetHints":{"allow":["GET"]}}],"collection":[{"href":"https:\/\/novasdodia.com.br\/index.php\/wp-json\/wp\/v2\/posts"}],"about":[{"href":"https:\/\/novasdodia.com.br\/index.php\/wp-json\/wp\/v2\/types\/post"}],"author":[{"embeddable":true,"href":"https:\/\/novasdodia.com.br\/index.php\/wp-json\/wp\/v2\/users\/1"}],"replies":[{"embeddable":true,"href":"https:\/\/novasdodia.com.br\/index.php\/wp-json\/wp\/v2\/comments?post=54455"}],"version-history":[{"count":0,"href":"https:\/\/novasdodia.com.br\/index.php\/wp-json\/wp\/v2\/posts\/54455\/revisions"}],"wp:attachment":[{"href":"https:\/\/novasdodia.com.br\/index.php\/wp-json\/wp\/v2\/media?parent=54455"}],"wp:term":[{"taxonomy":"category","embeddable":true,"href":"https:\/\/novasdodia.com.br\/index.php\/wp-json\/wp\/v2\/categories?post=54455"},{"taxonomy":"post_tag","embeddable":true,"href":"https:\/\/novasdodia.com.br\/index.php\/wp-json\/wp\/v2\/tags?post=54455"}],"curies":[{"name":"wp","href":"https:\/\/api.w.org\/{rel}","templated":true}]}}