{"id":54460,"date":"2026-09-04T19:38:56","date_gmt":"2026-09-04T22:38:56","guid":{"rendered":"https:\/\/novasdodia.com.br\/index.php\/2026\/09\/04\/caravana-do-cuidar-da-prefeitura-de-joao-pessoa-beneficia-moradores-do-alto-do-mateus\/"},"modified":"2026-09-04T19:38:56","modified_gmt":"2026-09-04T22:38:56","slug":"caravana-do-cuidar-da-prefeitura-de-joao-pessoa-beneficia-moradores-do-alto-do-mateus","status":"publish","type":"post","link":"https:\/\/novasdodia.com.br\/index.php\/2026\/09\/04\/caravana-do-cuidar-da-prefeitura-de-joao-pessoa-beneficia-moradores-do-alto-do-mateus\/","title":{"rendered":"Caravana do Cuidar da Prefeitura de Jo\u00e3o Pessoa beneficia moradores do Alto do Mateus"},"content":{"rendered":"<p><\/p>\n<div id=\"texto\">\n<p>Cerca de 550 moradores do Alto do Mateus foram atendidos pela Caravana do Cuidar, realizada pela Prefeitura de Jo\u00e3o Pessoa, por meio da Secretaria de Direitos Humanos e Cidadania (Sedhuc). A a\u00e7\u00e3o aconteceu nesta sexta-feira (4), na Rua \u00cdndio Arabutan, em frente \u00e0 Pra\u00e7a das Mangueiras, com servi\u00e7os gratuitos para a popula\u00e7\u00e3o.<\/p>\n<p>A secret\u00e1ria de Direitos Humanos e Cidadania, K\u00e9ssia Liliana Bezerra, ressalta que a Caravana do Cuidar busca aproximar os servi\u00e7os da Prefeitura das comunidades, facilitando o acesso da popula\u00e7\u00e3o a diferentes atendimentos em um mesmo local. \u201cEssa iniciativa re\u00fane diversas \u00e1reas da gest\u00e3o municipal para atender \u00e0s necessidades dos moradores de forma mais acess\u00edvel e acolhedora\u201d, destaca.<\/p>\n<p>A aposentada C\u00e9lia Fran\u00e7a ficou sabendo da a\u00e7\u00e3o pelo grupo do bairro no WhatsApp. Ela chegou cedo para aproveitar a oportunidade e atualizar o Cart\u00e3o SUS dela, do esposo e do filho. Cada usu\u00e1rio atendido tinha direito a uma ficha para si e a outras duas para resolver pend\u00eancias de integrantes da fam\u00edlia. \u201cEssa Caravana \u00e9 muito boa. S\u00f3 de eu n\u00e3o precisar pegar dois \u00f4nibus para ir na Torre atualizar o Cart\u00e3o SUS, j\u00e1 me ajuda muito\u201d, revela.<\/p>\n<figure class=\"wp-block-gallery has-nested-images columns-default is-cropped wp-block-gallery-1 is-layout-flex wp-block-gallery-is-layout-flex\">\n<figure class=\"wp-block-image size-large\"><\/figure>\n<figure class=\"wp-block-image size-large\"><\/figure>\n<\/figure>\n<p>J\u00e1 a diarista C\u00edcera Gomes aproveitou a Caravana para atualizar o cadastro do Bolsa Fam\u00edlia. \u201cFoi o pessoal do PSF que me avisou do evento. Meu Bolsa Fam\u00edlia vai vencer m\u00eas que vem. Eu aproveitei para vir logo e atualizar, s\u00f3 assim n\u00e3o vou precisar enfrentar fila l\u00e1 no Centro\u201d, compartilha.<\/p>\n<p>Segundo a assistente social da Sedhuc, Raquel Feitosa, atualiza\u00e7\u00e3o do Cart\u00e3o SUS e do Bolsa Fam\u00edlia s\u00e3o os servi\u00e7os mais demandados na Caravana do Cuidar. Geralmente, esta a\u00e7\u00e3o acontece uma vez por ano em cada bairro, o que facilita para que os moradores resolvam as pend\u00eancias sem precisar se deslocar para a Torre ou o Centro da cidade.<\/p>\n<figure class=\"wp-block-gallery has-nested-images columns-default is-cropped wp-block-gallery-2 is-layout-flex wp-block-gallery-is-layout-flex\">\n<figure class=\"wp-block-image size-large\"><\/figure>\n<figure class=\"wp-block-image size-large\"><\/figure>\n<\/figure>\n<p>\u201cPara fam\u00edlias com or\u00e7amentos mais apertados, isso significa economia, pois elas n\u00e3o precisam gastar com o dinheiro da passagem de \u00f4nibus. \u00c9 por isso que a oferta dos servi\u00e7os faz muita diferen\u00e7a para quem precisa\u201d, destaca Raquel Feitosa.<\/p>\n<p>Quem participou da Caravana tamb\u00e9m teve acesso a informa\u00e7\u00f5es sobre o programa municipal \u2018Eu Posso\u2019, que oferece linha de cr\u00e9dito com condi\u00e7\u00f5es especiais de pagamento, por meio da Secretaria de Desenvolvimento Econ\u00f4mico e Trabalho (Sedest). \u201cComo ter acesso ao cr\u00e9dito ou regularizar situa\u00e7\u00e3o de inadimpl\u00eancia s\u00e3o as principais d\u00favidas da popula\u00e7\u00e3o. \u00c9 vindo at\u00e9 a comunidade que refor\u00e7amos a divulga\u00e7\u00e3o do programa, para que mais pessoas participem dos editais\u201d, revela o atendente Marcos Miranda.<\/p>\n<figure class=\"wp-block-gallery has-nested-images columns-default is-cropped wp-block-gallery-3 is-layout-flex wp-block-gallery-is-layout-flex\">\n<figure class=\"wp-block-image size-large\"><\/figure>\n<\/figure>\n<p>Al\u00e9m dos servi\u00e7os citados, durante a Caravana do Cuidar, a popula\u00e7\u00e3o teve acesso a servi\u00e7os do Centro de Refer\u00eancia de Assist\u00eancia Social (Cras), atendimentos de sa\u00fade e do Odontom\u00f3vel. A programa\u00e7\u00e3o ainda contou com atendimentos da Defensoria P\u00fablica, Procon-JP, Secretaria da Mulher, Ouvidoria e servi\u00e7os de embelezamento da Secretaria de Desenvolvimento Social (Sedes).<\/p>\n<p><strong>Balan\u00e7o dos atendimentos<\/strong> \u2013 Ao longo da manh\u00e3, a Caravana do Cuidar realizou 546 atendimentos no Alto do Mateus. O levantamento contabilizou 12 atendimentos no Cras; 50 no Cad\u00danico; 205 para atualiza\u00e7\u00e3o do Cart\u00e3o SUS; dois no programa Eu Posso; 40 aferi\u00e7\u00f5es de press\u00e3o arterial; 100 testes r\u00e1pidos de ISTs; 10 testes de glicemia; 15 aplica\u00e7\u00f5es de vacina; 12 atendimentos odontol\u00f3gicos; 32 na Defensoria P\u00fablica; 15 consultas m\u00e9dicas; 22 servi\u00e7os de manicure; 30 cortes de cabelo; e um atendimento da Secretaria da Mulher.<\/p>\n<\/p><\/div>\n","protected":false},"excerpt":{"rendered":"<p>Cerca de 550 moradores do Alto do Mateus foram atendidos pela Caravana do Cuidar, realizada pela Prefeitura de Jo\u00e3o Pessoa, por meio da Secretaria de Direitos Humanos e Cidadania (Sedhuc). A a\u00e7\u00e3o aconteceu nesta sexta-feira (4), na Rua \u00cdndio Arabutan, em frente \u00e0 Pra\u00e7a das Mangueiras, com servi\u00e7os gratuitos para a popula\u00e7\u00e3o. A secret\u00e1ria de [&hellip;]<\/p>\n","protected":false},"author":1,"featured_media":0,"comment_status":"","ping_status":"","sticky":false,"template":"","format":"standard","meta":{"footnotes":""},"categories":[1],"tags":[],"class_list":["post-54460","post","type-post","status-publish","format-standard","hentry","category-noticias"],"amp_enabled":true,"_links":{"self":[{"href":"https:\/\/novasdodia.com.br\/index.php\/wp-json\/wp\/v2\/posts\/54460","targetHints":{"allow":["GET"]}}],"collection":[{"href":"https:\/\/novasdodia.com.br\/index.php\/wp-json\/wp\/v2\/posts"}],"about":[{"href":"https:\/\/novasdodia.com.br\/index.php\/wp-json\/wp\/v2\/types\/post"}],"author":[{"embeddable":true,"href":"https:\/\/novasdodia.com.br\/index.php\/wp-json\/wp\/v2\/users\/1"}],"replies":[{"embeddable":true,"href":"https:\/\/novasdodia.com.br\/index.php\/wp-json\/wp\/v2\/comments?post=54460"}],"version-history":[{"count":0,"href":"https:\/\/novasdodia.com.br\/index.php\/wp-json\/wp\/v2\/posts\/54460\/revisions"}],"wp:attachment":[{"href":"https:\/\/novasdodia.com.br\/index.php\/wp-json\/wp\/v2\/media?parent=54460"}],"wp:term":[{"taxonomy":"category","embeddable":true,"href":"https:\/\/novasdodia.com.br\/index.php\/wp-json\/wp\/v2\/categories?post=54460"},{"taxonomy":"post_tag","embeddable":true,"href":"https:\/\/novasdodia.com.br\/index.php\/wp-json\/wp\/v2\/tags?post=54460"}],"curies":[{"name":"wp","href":"https:\/\/api.w.org\/{rel}","templated":true}]}}