{"id":54465,"date":"2026-09-04T23:50:44","date_gmt":"2026-09-05T02:50:44","guid":{"rendered":"https:\/\/novasdodia.com.br\/index.php\/2026\/09\/04\/exposicao-reune-obras-e-criatividade-de-alunos-da-rede-municipal-de-ensino-na-estacao-cabo-branco\/"},"modified":"2026-09-04T23:50:44","modified_gmt":"2026-09-05T02:50:44","slug":"exposicao-reune-obras-e-criatividade-de-alunos-da-rede-municipal-de-ensino-na-estacao-cabo-branco","status":"publish","type":"post","link":"https:\/\/novasdodia.com.br\/index.php\/2026\/09\/04\/exposicao-reune-obras-e-criatividade-de-alunos-da-rede-municipal-de-ensino-na-estacao-cabo-branco\/","title":{"rendered":"Exposi\u00e7\u00e3o re\u00fane obras e criatividade de alunos da Rede Municipal de Ensino na Esta\u00e7\u00e3o Cabo Branco"},"content":{"rendered":"<p><\/p>\n<div id=\"texto\">\n<p>A Secretaria de Educa\u00e7\u00e3o e Cultura de Jo\u00e3o Pessoa (Sedec-JP), por meio do Departamento de Educa\u00e7\u00e3o Infantil (DEI), abriu, nesta sexta-feira (4), na Esta\u00e7\u00e3o Cabo Branco \u2013 Ci\u00eancia, Cultura e Artes, a exposi\u00e7\u00e3o \u2018A alegria de ser crian\u00e7a na arte brasileira: mem\u00f3rias, brincadeiras e cultura popular\u2019. O evento faz parte da programa\u00e7\u00e3o do 6\u00ba Festival de Arte na Primeira Inf\u00e2ncia (Fapi).<\/p>\n<p>A abertura iniciou com uma conta\u00e7\u00e3o de hist\u00f3rias feita pelo arte-educador Carlos Souza e, em seguida, contou com a apresenta\u00e7\u00e3o teatral do Coral do Ninho do Saber El Shaday, em homenagem \u00e0 pe\u00e7a \u2018O Auto da Compadecida\u2019.<\/p>\n<p>A apresenta\u00e7\u00e3o foi prestigiada pela primeira-dama de Jo\u00e3o Pessoa, Bruna N\u00f3brega, que falou da alegria ao ver o trabalho das crian\u00e7as. \u201cN\u00f3s ficamos imensamente felizes em conseguir explorar a criatividade dessas crian\u00e7as. \u00c9 um trabalho mais bonito que o outro. Saio daqui emocionada, com o cora\u00e7\u00e3o cheio de alegria. Eu fa\u00e7o quest\u00e3o de estar presente em todos esses momentos\u201d, disse.<\/p>\n<figure class=\"wp-block-gallery has-nested-images columns-default is-cropped wp-block-gallery-1 is-layout-flex wp-block-gallery-is-layout-flex\">\n<figure class=\"wp-block-image size-large\"><\/figure>\n<figure class=\"wp-block-image size-large\"><\/figure>\n<figure class=\"wp-block-image size-large\"><\/figure>\n<figure class=\"wp-block-image size-large\"><\/figure>\n<figure class=\"wp-block-image size-large\"><\/figure>\n<figure class=\"wp-block-image size-large\"><\/figure>\n<\/figure>\n<p>Quem tamb\u00e9m acompanhou de perto cada detalhe foi a secret\u00e1ria municipal de Educa\u00e7\u00e3o e Cultura, Am\u00e9rica Castro, e a secret\u00e1ria executiva, Luciana Dias. \u201cDepois da abertura do Fapi cheia de sucesso, hoje \u00e9 dia de prestigiar a exposi\u00e7\u00e3o dos trabalhos desses pequenos artistas. Com criatividade, talento e muita imagina\u00e7\u00e3o, eles mostram que o protagonismo come\u00e7a desde cedo. \u00c9 um momento para celebrar a arte, valorizar nossas crian\u00e7as e reconhecer tudo o que s\u00e3o capazes de criar\u201d, destacou Am\u00e9rica Castro.<\/p>\n<p>Os trabalhos est\u00e3o alegrando o corredor e todo o hall administrativo da Esta\u00e7\u00e3o Cabo Branco \u2013 com pinturas, brinquedos feitos de materiais reciclados, pipas, invent\u00e1rio de pr\u00e1ticas pedag\u00f3gicas, esculturas de circo e palha\u00e7o, al\u00e9m de outras obras de arte.<\/p>\n<p>Houve emo\u00e7\u00e3o tamb\u00e9m para a artista pl\u00e1stica paraibana Analice Uch\u00f4a, que se encantou ao ver o trabalho que desenvolve sobre arte circense ser reproduzido pelos alunos. \u201cEu acompanhei esse trabalho indo visitar o Ninho do Saber Benjamim Maranh\u00e3o, onde pude pintar com eles e desenvolver este belo projeto. Estou muito feliz e agrade\u00e7o essa bel\u00edssima homenagem. Com crian\u00e7a n\u00e3o tem essa coisa de \u2018n\u00e3o vou fazer\u2019. Eles simplesmente topam e fazem. \u00c9 uma coisa esplendorosa\u201d, agradeceu a artista pl\u00e1stica.<\/p>\n<p>A aluna Lorena Pacheco, de 2 anos e 4 meses, do Ninho do Saber Benjamim Maranh\u00e3o, participou da constru\u00e7\u00e3o desta arte circense. \u201cEu usei cola, tinta e papel higi\u00eanico. Usei tamb\u00e9m as cores azul, verde, vermelho e branco. O que achei mais legal foi fazer o palhacinho e a casinha [circo]\u201d, disse, sorridente.<\/p>\n<figure class=\"wp-block-gallery has-nested-images columns-default is-cropped wp-block-gallery-2 is-layout-flex wp-block-gallery-is-layout-flex\">\n<figure class=\"wp-block-image size-large\"><\/figure>\n<figure class=\"wp-block-image size-large\"><\/figure>\n<figure class=\"wp-block-image size-large\"><\/figure>\n<figure class=\"wp-block-image size-large\"><\/figure>\n<figure class=\"wp-block-image size-large\"><\/figure>\n<figure class=\"wp-block-image size-large\"><\/figure>\n<\/figure>\n<p><strong>Inspira\u00e7\u00f5es para as crian\u00e7as<\/strong> \u2013 Para compor as obras, entre tra\u00e7os, instala\u00e7\u00f5es, esculturas e arranjos sonoros, os Ninhos do Saber pesquisaram linguagens po\u00e9ticas e visuais de nomes expressivos das artes, da m\u00fasica e do teatro nacional, tais como C\u00e2ndido Portinari, Ivan Cruz, Sandra Guinle, Ricardo Ferrari, Gustavo Rosa, Cia. Boca de Cena, Palavra Cantada, Analice Uch\u00f4a, J\u00f4 Cortez, Mari Bigio, Alexandre F\u00e1vero e Sylvio de Vasconcellos.<\/p>\n<p>\u201cEntrar nesta exposi\u00e7\u00e3o n\u00e3o \u00e9 apenas observar o universo infantil; \u00e9 ser convidado a habitar o territ\u00f3rio onde a imagina\u00e7\u00e3o se faz mat\u00e9ria. Esta exposi\u00e7\u00e3o apresenta uma cartografia afetiva e est\u00e9tica desenhada por quem melhor domina a linguagem do encantamento: as pr\u00f3prias crian\u00e7as. Convidamos adultos e crian\u00e7as a despirem-se do olhar automatizado e a mergulharem nesta imers\u00e3o sensorial\u201d, pontuou a diretora do Departamento de Educa\u00e7\u00e3o Infantil da Sedec, Maria Sonaly Machado de Lima.<\/p>\n<\/p><\/div>\n","protected":false},"excerpt":{"rendered":"<p>A Secretaria de Educa\u00e7\u00e3o e Cultura de Jo\u00e3o Pessoa (Sedec-JP), por meio do Departamento de Educa\u00e7\u00e3o Infantil (DEI), abriu, nesta sexta-feira (4), na Esta\u00e7\u00e3o Cabo Branco \u2013 Ci\u00eancia, Cultura e Artes, a exposi\u00e7\u00e3o \u2018A alegria de ser crian\u00e7a na arte brasileira: mem\u00f3rias, brincadeiras e cultura popular\u2019. O evento faz parte da programa\u00e7\u00e3o do 6\u00ba Festival [&hellip;]<\/p>\n","protected":false},"author":1,"featured_media":0,"comment_status":"","ping_status":"","sticky":false,"template":"","format":"standard","meta":{"footnotes":""},"categories":[1],"tags":[],"class_list":["post-54465","post","type-post","status-publish","format-standard","hentry","category-noticias"],"amp_enabled":true,"_links":{"self":[{"href":"https:\/\/novasdodia.com.br\/index.php\/wp-json\/wp\/v2\/posts\/54465","targetHints":{"allow":["GET"]}}],"collection":[{"href":"https:\/\/novasdodia.com.br\/index.php\/wp-json\/wp\/v2\/posts"}],"about":[{"href":"https:\/\/novasdodia.com.br\/index.php\/wp-json\/wp\/v2\/types\/post"}],"author":[{"embeddable":true,"href":"https:\/\/novasdodia.com.br\/index.php\/wp-json\/wp\/v2\/users\/1"}],"replies":[{"embeddable":true,"href":"https:\/\/novasdodia.com.br\/index.php\/wp-json\/wp\/v2\/comments?post=54465"}],"version-history":[{"count":0,"href":"https:\/\/novasdodia.com.br\/index.php\/wp-json\/wp\/v2\/posts\/54465\/revisions"}],"wp:attachment":[{"href":"https:\/\/novasdodia.com.br\/index.php\/wp-json\/wp\/v2\/media?parent=54465"}],"wp:term":[{"taxonomy":"category","embeddable":true,"href":"https:\/\/novasdodia.com.br\/index.php\/wp-json\/wp\/v2\/categories?post=54465"},{"taxonomy":"post_tag","embeddable":true,"href":"https:\/\/novasdodia.com.br\/index.php\/wp-json\/wp\/v2\/tags?post=54465"}],"curies":[{"name":"wp","href":"https:\/\/api.w.org\/{rel}","templated":true}]}}