{"id":54468,"date":"2026-09-05T01:56:35","date_gmt":"2026-09-05T04:56:35","guid":{"rendered":"https:\/\/novasdodia.com.br\/index.php\/2026\/09\/05\/prefeitura-inicia-obras-da-nova-quadra-da-unidos-da-tijuca-na-regiao-portuaria-prefeitura-da-cidade-do-rio-de-janeiro\/"},"modified":"2026-09-05T01:56:35","modified_gmt":"2026-09-05T04:56:35","slug":"prefeitura-inicia-obras-da-nova-quadra-da-unidos-da-tijuca-na-regiao-portuaria-prefeitura-da-cidade-do-rio-de-janeiro","status":"publish","type":"post","link":"https:\/\/novasdodia.com.br\/index.php\/2026\/09\/05\/prefeitura-inicia-obras-da-nova-quadra-da-unidos-da-tijuca-na-regiao-portuaria-prefeitura-da-cidade-do-rio-de-janeiro\/","title":{"rendered":"Prefeitura inicia obras da nova quadra da Unidos da Tijuca na Regi\u00e3o Portu\u00e1ria &#8211; Prefeitura da Cidade do Rio de Janeiro"},"content":{"rendered":"<p><\/p>\n<div id=\"main\">\n<div class=\"wrapper-breadcrumbs\" wp_automatic_readability=\"65.204662510165\">\n<div class=\"image-post\" wp_automatic_readability=\"34\">\n                     Obra vai ampliar a estrutura da escola e criar um espa\u00e7o para ensaios, eventos culturais e a\u00e7\u00f5es comunit\u00e1rias durante todo o ano. Arte: Divulga\u00e7\u00e3o<\/p><\/div>\n<p>A Prefeitura do Rio iniciou nesta sexta-feira (4\/9) as obras da nova quadra do Gr\u00eamio Recreativo Escola de Samba Unidos da Tijuca, na Gamboa, Regi\u00e3o Portu\u00e1ria. Com investimento de R$11,3 milh\u00f5es, a constru\u00e7\u00e3o ocupar\u00e1 um terreno de aproximadamente 2,5 mil metros quadrados, na Rua Rivad\u00e1via Corr\u00eaa, pr\u00f3ximo \u00e0 Cidade do Samba. A previs\u00e3o \u00e9 que as obras sejam conclu\u00eddas no primeiro semestre de 2027.<\/p>\n<p>\u00a0<\/p>\n<blockquote wp_automatic_readability=\"8\">\n<p>\u2013 Estamos aqui hoje\u00a0celebrando o sonho da casa pr\u00f3pria da Unidos da Tijuca -, festejou o prefeito Eduardo Cavaliere, destacando o compromisso da prefeitura de sempre investir no carnaval carioca:<\/p>\n<\/blockquote>\n<p>\u00a0<\/p>\n<blockquote wp_automatic_readability=\"18\">\n<p>\u00a0\u2013\u00a0Temos recursos\u00a0para fazer investimento na sa\u00fade, na educa\u00e7\u00e3o, na infraestrutura e na mobilidade porque temos gest\u00e3o. E a gente tamb\u00e9m tem que investir em cultura. Estamos aqui dizendo de forma clara: essa prefeitura sempre investiu no Carnaval, vai continuar investindo e n\u00e3o vamos parar aqui n\u00e3o -, afirmou,\u00a0lembrando que o\u00a0carnaval \u00e9 uma manifesta\u00e7\u00e3o cultural que gera emprego, gera renda, gera economia, mas, acima de tudo, gera senso de comunidade na cidade.<\/p>\n<\/blockquote>\n<p>\u00a0<\/p>\n<p>Ao lado do prefeito Eduardo Cavaliere, o presidente da Unidos da Tijuca, Fernando Horta, fazia quest\u00e3o de demonstrar sua gratid\u00e3o pelo in\u00edcio das obras da nova quadra, ap\u00f3s quase 30 anos de espera e de ensaios em locais emprestados.<\/p>\n<p>\u00a0<\/p>\n<blockquote wp_automatic_readability=\"7\">\n<p>\u2013 \u00c9 uma luta de anos.\u00a0Sempre estivemos em lugares improvisados. A escola tem de agradecer muito. Seremos eternamente gratos \u00e0 prefeitura -, afirmou Horta.<\/p>\n<\/blockquote>\n<p>\u00a0<\/p>\n<p>Realizada pela Secretaria Municipal de Infraestrutura, a obra vai ampliar a estrutura da escola tijucana e criar um espa\u00e7o para a agremia\u00e7\u00e3o realizar ensaios, eventos culturais e a\u00e7\u00f5es comunit\u00e1rias durante todo o ano. A nova quadra ter\u00e1, no t\u00e9rreo, \u00e1rea coberta para eventos, palco, dep\u00f3sito de bateria, camarim e p\u00e1tio descoberto, al\u00e9m de loja, bilheteria, tr\u00eas bares, cozinha e posto m\u00e9dico com acesso exclusivo para ambul\u00e2ncia. O espa\u00e7o tamb\u00e9m contar\u00e1 com banheiros feminino, masculino e para pessoas com defici\u00eancia e elevador.<\/p>\n<p>\u00a0<\/p>\n<p>No pavimento superior, ser\u00e3o instalados jirau com camarote, setor administrativo, banheiros, terra\u00e7o descoberto e bar de apoio. A estrutura foi pensada para receber o p\u00fablico com acessibilidade, seguran\u00e7a e conforto.<\/p>\n<p>\u00a0<\/p>\n<p>A nova quadra representa um importante refor\u00e7o para a estrutura da escola e para a cadeia produtiva do Carnaval. Al\u00e9m de atender \u00e0s atividades da Unidos da Tijuca, o espa\u00e7o poder\u00e1 contribuir para a gera\u00e7\u00e3o de emprego e renda e para a valoriza\u00e7\u00e3o dos profissionais envolvidos na produ\u00e7\u00e3o cultural.<\/p>\n<p>\u00a0<\/p>\n<blockquote wp_automatic_readability=\"13\">\n<p>\u2013 A gente tem aqui um projeto muito bacana, com acessibilidade, sanit\u00e1rios, lojas e uma quadra supermoderna, com todos os requisitos de seguran\u00e7a -, explicou o secret\u00e1rio de Infraestrutura do Rio, Wanderson dos Santos.<\/p>\n<\/blockquote>\n<p>             <!-- Compartilhe ---><\/p>\n<p>\t\t\t <!-- TAGS --><\/p>\n<section class=\"category-tags\">\n<div class=\"marcacao-category\">\n<article class=\"category-post\">\n<p>Categoria: <\/p>\n<\/article>\n<li>5 de setembro de 2026<\/li><\/div>\n<article class=\"tags\">\n\t\t\t\t\tMarca\u00e7\u00f5es: Carnaval cidade do samba Cultura gamboa Unidos da Tijuca Zona Portu\u00e1ria<br \/><\/article>\n<\/section>\n<p>            <!-- Mais Not&iacute;cias --><\/p>\n<p>\t\t<!-- Conte&uacute;do SIDEBAR --><\/p><\/div>\n<\/p><\/div>\n","protected":false},"excerpt":{"rendered":"<p>Obra vai ampliar a estrutura da escola e criar um espa\u00e7o para ensaios, eventos culturais e a\u00e7\u00f5es comunit\u00e1rias durante todo o ano. Arte: Divulga\u00e7\u00e3o A Prefeitura do Rio iniciou nesta sexta-feira (4\/9) as obras da nova quadra do Gr\u00eamio Recreativo Escola de Samba Unidos da Tijuca, na Gamboa, Regi\u00e3o Portu\u00e1ria. Com investimento de R$11,3 milh\u00f5es, [&hellip;]<\/p>\n","protected":false},"author":1,"featured_media":0,"comment_status":"","ping_status":"","sticky":false,"template":"","format":"standard","meta":{"footnotes":""},"categories":[1],"tags":[],"class_list":["post-54468","post","type-post","status-publish","format-standard","hentry","category-noticias"],"amp_enabled":true,"_links":{"self":[{"href":"https:\/\/novasdodia.com.br\/index.php\/wp-json\/wp\/v2\/posts\/54468","targetHints":{"allow":["GET"]}}],"collection":[{"href":"https:\/\/novasdodia.com.br\/index.php\/wp-json\/wp\/v2\/posts"}],"about":[{"href":"https:\/\/novasdodia.com.br\/index.php\/wp-json\/wp\/v2\/types\/post"}],"author":[{"embeddable":true,"href":"https:\/\/novasdodia.com.br\/index.php\/wp-json\/wp\/v2\/users\/1"}],"replies":[{"embeddable":true,"href":"https:\/\/novasdodia.com.br\/index.php\/wp-json\/wp\/v2\/comments?post=54468"}],"version-history":[{"count":0,"href":"https:\/\/novasdodia.com.br\/index.php\/wp-json\/wp\/v2\/posts\/54468\/revisions"}],"wp:attachment":[{"href":"https:\/\/novasdodia.com.br\/index.php\/wp-json\/wp\/v2\/media?parent=54468"}],"wp:term":[{"taxonomy":"category","embeddable":true,"href":"https:\/\/novasdodia.com.br\/index.php\/wp-json\/wp\/v2\/categories?post=54468"},{"taxonomy":"post_tag","embeddable":true,"href":"https:\/\/novasdodia.com.br\/index.php\/wp-json\/wp\/v2\/tags?post=54468"}],"curies":[{"name":"wp","href":"https:\/\/api.w.org\/{rel}","templated":true}]}}