{"id":54470,"date":"2026-09-05T04:02:39","date_gmt":"2026-09-05T07:02:39","guid":{"rendered":"https:\/\/novasdodia.com.br\/index.php\/2026\/09\/05\/semob-jp-define-planos-operacionais-de-transito-e-transporte-para-desfile-civico-em-mangabeira\/"},"modified":"2026-09-05T04:02:39","modified_gmt":"2026-09-05T07:02:39","slug":"semob-jp-define-planos-operacionais-de-transito-e-transporte-para-desfile-civico-em-mangabeira","status":"publish","type":"post","link":"https:\/\/novasdodia.com.br\/index.php\/2026\/09\/05\/semob-jp-define-planos-operacionais-de-transito-e-transporte-para-desfile-civico-em-mangabeira\/","title":{"rendered":"Semob-JP define planos operacionais de tr\u00e2nsito e transporte para Desfile C\u00edvico em Mangabeira"},"content":{"rendered":"<p><\/p>\n<div id=\"texto\">\n<p>Para garantir a fluidez do tr\u00e1fego de ve\u00edculos e, principalmente do transporte p\u00fablico, a Superintend\u00eancia Executiva de Mobilidade Urbana de Jo\u00e3o Pessoa (Semob-JP) definiu os planos operacionais de tr\u00e2nsito e transporte, que ser\u00e3o executados durante o tradicional Desfile C\u00edvico no bairro de Mangabeira, em comemora\u00e7\u00e3o ao Dia da Independ\u00eancia do Brasil, neste domingo (6), na Avenida Josefa Taveira.<\/p>\n<figure class=\"wp-block-image size-large\"><\/figure>\n<p>O superintendente de Mobilidade de Jo\u00e3o Pessoa, Marc\u00edlio do HBE, destacou o apoio da Semob-JP na realiza\u00e7\u00e3o do Desfile C\u00edvico de Mangabeira. \u201cContribuir com o desfile c\u00edvico do maior bairro de Jo\u00e3o Pessoa \u00e9 sempre uma grande satisfa\u00e7\u00e3o. Temos esse compromisso com o sucesso deste evento que todos os anos atrai um grande p\u00fablico e representa o esp\u00edrito c\u00edvico da popula\u00e7\u00e3o do bairro e de respeito \u00e0 hist\u00f3ria e \u00e0 Independ\u00eancia do Brasil\u201d, disse Marc\u00edlio do HBE.<\/p>\n<p><strong>Tr\u00e2nsito<\/strong>\u00a0\u2013 A partir das 6h, os agentes da Semob-JP estar\u00e3o na Avenida Josefa Taveira, que ser\u00e1 bloqueada para o tr\u00e1fego de ve\u00edculos, do trecho compreendido entre a Rua An\u00edzio de Azevedo Lima (Posto Shell), local de concentra\u00e7\u00e3o das agremia\u00e7\u00f5es civis e militares, e a Rua Dineza Carneiro Monteiro, pr\u00f3ximo \u00e0 Pra\u00e7a Cristo Rei, local da dispers\u00e3o das agremia\u00e7\u00f5es ap\u00f3s o encerramento, \u00e0s 12h.<\/p>\n<p>A Semob-JP escalou 40 agentes de mobilidade, que ser\u00e3o distribu\u00eddos estrategicamente em todo o percurso e entorno da Av. Josefa Taveira, em pontos fixos e m\u00f3veis, al\u00e9m do monitoramento por meio das c\u00e2meras do Centro Operacional de Tr\u00e2nsito e Transportes (Cott) da Semob-JP.<\/p>\n<p>A recomenda\u00e7\u00e3o da Semob-JP \u00e9 a utiliza\u00e7\u00e3o das ruas Comerciante Alfredo Ferreira da Rocha (principal por dentro) e Rita Xavier de Oliveira (rua do Ortotrauma), que estar\u00e3o com circula\u00e7\u00e3o liberada, facilitando os deslocamentos no bairro durante os desfiles, previstos at\u00e9 o meio-dia.<\/p>\n<p><strong>Transporte<\/strong>\u00a0\u2013 Ainda por conta dos desfiles, neste domingo (6), as linhas 301-Mangabeira, 2515-Mangabeira-Cristo, 5210-Mangabeira-Cristo-Epit\u00e1cio, 9901-Mangabeira-Valentina, E-901-Mangabeira-Valentina, 2300-Circular, 3200-Circular, 1500-Circular, 5100-Circular, E-155-Zona Sul-Cruz das Armas, E-551-Zona Sul-Epit\u00e1cio, E-301-Mangabeira, que circulam pela Avenida Josefa Taveira, ser\u00e3o desviadas, nos dois sentidos, pela Rua Rita Xavier de Oliveira (rua do Ortotrauma). Agentes da Semob-JP v\u00e3o orientar os usu\u00e1rios quanto \u00e0s mudan\u00e7as nos pontos de parada.<\/p>\n<\/p><\/div>\n","protected":false},"excerpt":{"rendered":"<p>Para garantir a fluidez do tr\u00e1fego de ve\u00edculos e, principalmente do transporte p\u00fablico, a Superintend\u00eancia Executiva de Mobilidade Urbana de Jo\u00e3o Pessoa (Semob-JP) definiu os planos operacionais de tr\u00e2nsito e transporte, que ser\u00e3o executados durante o tradicional Desfile C\u00edvico no bairro de Mangabeira, em comemora\u00e7\u00e3o ao Dia da Independ\u00eancia do Brasil, neste domingo (6), na [&hellip;]<\/p>\n","protected":false},"author":1,"featured_media":0,"comment_status":"","ping_status":"","sticky":false,"template":"","format":"standard","meta":{"footnotes":""},"categories":[1],"tags":[],"class_list":["post-54470","post","type-post","status-publish","format-standard","hentry","category-noticias"],"amp_enabled":true,"_links":{"self":[{"href":"https:\/\/novasdodia.com.br\/index.php\/wp-json\/wp\/v2\/posts\/54470","targetHints":{"allow":["GET"]}}],"collection":[{"href":"https:\/\/novasdodia.com.br\/index.php\/wp-json\/wp\/v2\/posts"}],"about":[{"href":"https:\/\/novasdodia.com.br\/index.php\/wp-json\/wp\/v2\/types\/post"}],"author":[{"embeddable":true,"href":"https:\/\/novasdodia.com.br\/index.php\/wp-json\/wp\/v2\/users\/1"}],"replies":[{"embeddable":true,"href":"https:\/\/novasdodia.com.br\/index.php\/wp-json\/wp\/v2\/comments?post=54470"}],"version-history":[{"count":0,"href":"https:\/\/novasdodia.com.br\/index.php\/wp-json\/wp\/v2\/posts\/54470\/revisions"}],"wp:attachment":[{"href":"https:\/\/novasdodia.com.br\/index.php\/wp-json\/wp\/v2\/media?parent=54470"}],"wp:term":[{"taxonomy":"category","embeddable":true,"href":"https:\/\/novasdodia.com.br\/index.php\/wp-json\/wp\/v2\/categories?post=54470"},{"taxonomy":"post_tag","embeddable":true,"href":"https:\/\/novasdodia.com.br\/index.php\/wp-json\/wp\/v2\/tags?post=54470"}],"curies":[{"name":"wp","href":"https:\/\/api.w.org\/{rel}","templated":true}]}}