{"id":54474,"date":"2026-09-05T06:51:35","date_gmt":"2026-09-05T09:51:35","guid":{"rendered":"https:\/\/novasdodia.com.br\/index.php\/2026\/09\/05\/7-de-setembro-desfile-civico-militar-prefeitura-estancia-turistica-guaratingueta\/"},"modified":"2026-09-05T06:51:35","modified_gmt":"2026-09-05T09:51:35","slug":"7-de-setembro-desfile-civico-militar-prefeitura-estancia-turistica-guaratingueta","status":"publish","type":"post","link":"https:\/\/novasdodia.com.br\/index.php\/2026\/09\/05\/7-de-setembro-desfile-civico-militar-prefeitura-estancia-turistica-guaratingueta\/","title":{"rendered":"7 de Setembro | Desfile C\u00edvico-Militar \u2013 Prefeitura Est\u00e2ncia Tur\u00edstica Guaratinguet\u00e1"},"content":{"rendered":"<p><\/p>\n<div>\n<p>A Prefeitura de Guaratinguet\u00e1 convida toda a popula\u00e7\u00e3o para prestigiar o tradicional Desfile C\u00edvico-Militar em comemora\u00e7\u00e3o ao Dia da Independ\u00eancia do Brasil!\u00a0<\/p>\n<p>\u00a0<\/p>\n<p>\u00a007 de setembro (segunda-feira)<\/p>\n<p>\u00a0A partir das 8h30<\/p>\n<p>\u00a0Av. Presidente Vargas \u2013 Vila Para\u00edba<\/p>\n<p>\u00a0<\/p>\n<p>Ser\u00e1 uma manh\u00e3 especial para celebrar a nossa hist\u00f3ria, a nossa P\u00e1tria e reunir a comunidade em mais um momento de tradi\u00e7\u00e3o e orgulho.<\/p>\n<p>\u00a0<\/p>\n<p>\u00a0Confira nos cards quem estar\u00e1 presente no desfile e venha participar com a gente!<\/p>\n<p>\u00a0<\/p>\n<p>\ud83c\udde7 Esperamos por voc\u00ea!<\/p>\n<\/p><\/div>\n","protected":false},"excerpt":{"rendered":"<p>A Prefeitura de Guaratinguet\u00e1 convida toda a popula\u00e7\u00e3o para prestigiar o tradicional Desfile C\u00edvico-Militar em comemora\u00e7\u00e3o ao Dia da Independ\u00eancia do Brasil!\u00a0 \u00a0 \u00a007 de setembro (segunda-feira) \u00a0A partir das 8h30 \u00a0Av. Presidente Vargas \u2013 Vila Para\u00edba \u00a0 Ser\u00e1 uma manh\u00e3 especial para celebrar a nossa hist\u00f3ria, a nossa P\u00e1tria e reunir a comunidade em [&hellip;]<\/p>\n","protected":false},"author":1,"featured_media":0,"comment_status":"","ping_status":"","sticky":false,"template":"","format":"standard","meta":{"footnotes":""},"categories":[1],"tags":[],"class_list":["post-54474","post","type-post","status-publish","format-standard","hentry","category-noticias"],"amp_enabled":true,"_links":{"self":[{"href":"https:\/\/novasdodia.com.br\/index.php\/wp-json\/wp\/v2\/posts\/54474","targetHints":{"allow":["GET"]}}],"collection":[{"href":"https:\/\/novasdodia.com.br\/index.php\/wp-json\/wp\/v2\/posts"}],"about":[{"href":"https:\/\/novasdodia.com.br\/index.php\/wp-json\/wp\/v2\/types\/post"}],"author":[{"embeddable":true,"href":"https:\/\/novasdodia.com.br\/index.php\/wp-json\/wp\/v2\/users\/1"}],"replies":[{"embeddable":true,"href":"https:\/\/novasdodia.com.br\/index.php\/wp-json\/wp\/v2\/comments?post=54474"}],"version-history":[{"count":0,"href":"https:\/\/novasdodia.com.br\/index.php\/wp-json\/wp\/v2\/posts\/54474\/revisions"}],"wp:attachment":[{"href":"https:\/\/novasdodia.com.br\/index.php\/wp-json\/wp\/v2\/media?parent=54474"}],"wp:term":[{"taxonomy":"category","embeddable":true,"href":"https:\/\/novasdodia.com.br\/index.php\/wp-json\/wp\/v2\/categories?post=54474"},{"taxonomy":"post_tag","embeddable":true,"href":"https:\/\/novasdodia.com.br\/index.php\/wp-json\/wp\/v2\/tags?post=54474"}],"curies":[{"name":"wp","href":"https:\/\/api.w.org\/{rel}","templated":true}]}}