{"id":54488,"date":"2026-09-05T18:35:35","date_gmt":"2026-09-05T21:35:35","guid":{"rendered":"https:\/\/novasdodia.com.br\/index.php\/2026\/09\/05\/ex-tecnico-da-selecao-parreira-recebe-alta-apos-80-dias-internado\/"},"modified":"2026-09-05T18:35:35","modified_gmt":"2026-09-05T21:35:35","slug":"ex-tecnico-da-selecao-parreira-recebe-alta-apos-80-dias-internado","status":"publish","type":"post","link":"https:\/\/novasdodia.com.br\/index.php\/2026\/09\/05\/ex-tecnico-da-selecao-parreira-recebe-alta-apos-80-dias-internado\/","title":{"rendered":"Ex-t\u00e9cnico da Sele\u00e7\u00e3o, Parreira recebe alta ap\u00f3s 80 dias internado"},"content":{"rendered":"<p><\/p>\n<div>\n<p><strong>O ex-t\u00e9cnico da Sele\u00e7\u00e3o Brasileira de Futebol\u00a0Carlos Alberto Parreira, 83 anos, recebeu alta m\u00e9dica neste s\u00e1bado (5), depois de ficar 80 dias internado no Hospital Samaritano Barra, da Rede Am\u00e9ricas, no Rio de Janeiro. Ele foi internado para tratar uma inflama\u00e7\u00e3o pulmonar.<\/strong><\/p>\n<p>Segundo o hospital, Parreira\u00a0seguir\u00e1 em acompanhamento domiciliar e ambulatorial para monitoramento do estado geral de sa\u00fade. Durante o per\u00edodo de hospitaliza\u00e7\u00e3o, o ex-t\u00e9cnico foi acompanhado pela equipe do pneumologista Arthur Vianna e por profissionais multidisciplinares da unidade.<\/p>\n<p><strong>Em 2023, foi diagnosticado com\u00a0linfoma de Hodgkin \u2013 tipo de c\u00e2ncer que afeta o sistema de defesa do organismo. Desde 2025, segue com acompanhamento m\u00e9dico permanente.<\/strong><\/p>\n<p><strong><a href=\"https:\/\/mrnews.com.br\/index.php\/2026\/09\/05\/elo-anuncia-campanha-com-ate-40-mil-pontos-extras-e-promete-novidades-importantes-a-partir-de-9-de-setembro\/\">Elo anuncia campanha com at\u00e9 40 mil pontos extras e promete novidades importantes a partir de 9 de setembro<\/a><\/strong><\/p>\n<p><strong><a href=\"https:\/\/mrnews.com.br\/index.php\/2026\/09\/05\/tv-brasil-transmite-domingo-decisao-entre-itabirito-e-minas-brasilia\/\">TV Brasil transmite domingo decis\u00e3o entre Itabirito e Minas Bras\u00edlia<\/a><\/strong><\/p>\n<h2>Trajet\u00f3ria<\/h2>\n<p>Professor de educa\u00e7\u00e3o f\u00edsica, formado pelo Ex\u00e9rcito, Parreira \u00e9 um dos nomes mais vitoriosos da hist\u00f3ria do futebol brasileiro.\u00a0Parreira foi preparador f\u00edsico da Sele\u00e7\u00e3o no tricampeonato mundial de 1970 e t\u00e9cnico do Brasil na conquista do tetracampeonato, em 1994.<\/p>\n<p>Tamb\u00e9m comandou a equipe nas Copas de 1986 e 2006 e foi coordenador t\u00e9cnico em 2014. Pela Sele\u00e7\u00e3o, conquistou ainda a Copa Am\u00e9rica de 2004 e a Copa das Confedera\u00e7\u00f5es de 2005.<\/p>\n<\/div>\n","protected":false},"excerpt":{"rendered":"<p>O ex-t\u00e9cnico da Sele\u00e7\u00e3o Brasileira de Futebol\u00a0Carlos Alberto Parreira, 83 anos, recebeu alta m\u00e9dica neste s\u00e1bado (5), depois de ficar 80 dias internado no Hospital Samaritano Barra, da Rede Am\u00e9ricas, no Rio de Janeiro. Ele foi internado para tratar uma inflama\u00e7\u00e3o pulmonar. Segundo o hospital, Parreira\u00a0seguir\u00e1 em acompanhamento domiciliar e ambulatorial para monitoramento do estado [&hellip;]<\/p>\n","protected":false},"author":1,"featured_media":0,"comment_status":"","ping_status":"","sticky":false,"template":"","format":"standard","meta":{"footnotes":""},"categories":[2],"tags":[],"class_list":["post-54488","post","type-post","status-publish","format-standard","hentry","category-a-fazenda"],"amp_enabled":true,"_links":{"self":[{"href":"https:\/\/novasdodia.com.br\/index.php\/wp-json\/wp\/v2\/posts\/54488","targetHints":{"allow":["GET"]}}],"collection":[{"href":"https:\/\/novasdodia.com.br\/index.php\/wp-json\/wp\/v2\/posts"}],"about":[{"href":"https:\/\/novasdodia.com.br\/index.php\/wp-json\/wp\/v2\/types\/post"}],"author":[{"embeddable":true,"href":"https:\/\/novasdodia.com.br\/index.php\/wp-json\/wp\/v2\/users\/1"}],"replies":[{"embeddable":true,"href":"https:\/\/novasdodia.com.br\/index.php\/wp-json\/wp\/v2\/comments?post=54488"}],"version-history":[{"count":0,"href":"https:\/\/novasdodia.com.br\/index.php\/wp-json\/wp\/v2\/posts\/54488\/revisions"}],"wp:attachment":[{"href":"https:\/\/novasdodia.com.br\/index.php\/wp-json\/wp\/v2\/media?parent=54488"}],"wp:term":[{"taxonomy":"category","embeddable":true,"href":"https:\/\/novasdodia.com.br\/index.php\/wp-json\/wp\/v2\/categories?post=54488"},{"taxonomy":"post_tag","embeddable":true,"href":"https:\/\/novasdodia.com.br\/index.php\/wp-json\/wp\/v2\/tags?post=54488"}],"curies":[{"name":"wp","href":"https:\/\/api.w.org\/{rel}","templated":true}]}}