{"id":54499,"date":"2026-09-06T08:48:38","date_gmt":"2026-09-06T11:48:38","guid":{"rendered":"https:\/\/novasdodia.com.br\/index.php\/2026\/09\/06\/desfile-de-7-de-setembro-tera-interdicoes-no-centro-confira-cgnoticias\/"},"modified":"2026-09-06T08:48:38","modified_gmt":"2026-09-06T11:48:38","slug":"desfile-de-7-de-setembro-tera-interdicoes-no-centro-confira-cgnoticias","status":"publish","type":"post","link":"https:\/\/novasdodia.com.br\/index.php\/2026\/09\/06\/desfile-de-7-de-setembro-tera-interdicoes-no-centro-confira-cgnoticias\/","title":{"rendered":"Desfile de 7 de Setembro ter\u00e1 interdi\u00e7\u00f5es no Centro; confira \u2013 CGNot\u00edcias"},"content":{"rendered":"<p><\/p>\n<div>\n<p>Em raz\u00e3o do Desfile Militar em comemora\u00e7\u00e3o ao Dia da Independ\u00eancia do Brasil, a Ag\u00eancia Municipal de Transporte e Tr\u00e2nsito (Agetran) realizar\u00e1 interdi\u00e7\u00f5es tempor\u00e1rias em vias da regi\u00e3o central de Campo Grande. As altera\u00e7\u00f5es come\u00e7am neste domingo (6) e seguem na segunda-feira (7), conforme o cronograma de montagem, realiza\u00e7\u00e3o e desmontagem da estrutura do evento.<\/p>\n<h6 class=\"wp-block-heading\">Domingo (6)<\/h6>\n<p>A partir das 10h, ser\u00e3o interditadas a Avenida Afonso Pena, entre a Avenida Cal\u00f3geras e a Rua Rui Barbosa, e a Rua 13 de Maio, entre a Rua Bar\u00e3o do Rio Branco e a Rua 15 de Novembro. As vias permanecer\u00e3o fechadas ap\u00f3s o desfile para a desmontagem das estruturas utilizadas no evento.<\/p>\n<h6 class=\"wp-block-heading\">Segunda-feira (7)<\/h6>\n<p>Das 5h \u00e0s 13h, haver\u00e1 interdi\u00e7\u00e3o na Rua 14 de Julho, entre a Rua E\u00e7a de Queiroz e a Rua Maracaju; Avenida Mato Grosso, entre a Rua Jos\u00e9 Ant\u00f4nio e a Avenida Cal\u00f3geras; Rua 13 de Maio, entre a Avenida Mato Grosso e a Avenida Fernando Corr\u00eaa da Costa; e Avenida Fernando Corr\u00eaa da Costa, entre a Rua Rui Barbosa e a Avenida Cal\u00f3geras, no sentido Shopping Campo Grande\/Centro.<\/p>\n<p>Na Avenida Mato Grosso, os cruzamentos com as ruas 13 de Junho, Jos\u00e9 Ant\u00f4nio, Padre Jo\u00e3o Crippa, Pedro Celestino e Rui Barbosa, al\u00e9m da Avenida Cal\u00f3geras, permanecer\u00e3o abertos. Como alternativas, os motoristas poder\u00e3o utilizar a Avenida Cal\u00f3geras, Rua 14 de Julho at\u00e9 a Rua Maracaju, Rua Rui Barbosa, Rua E\u00e7a de Queiroz, Avenida Ernesto Geisel, no sentido Centro\/Shopping Campo Grande, e Rua Calarge.<\/p>\n<p>A Agetran orienta os condutores a planejarem os deslocamentos com anteced\u00eancia, redobrarem a aten\u00e7\u00e3o e respeitarem a sinaliza\u00e7\u00e3o. As medidas t\u00eam como objetivo garantir a seguran\u00e7a de participantes e espectadores e contribuir para a organiza\u00e7\u00e3o e a fluidez do tr\u00e2nsito durante o evento.<\/p>\n<\/div>\n<p><script async defer async defer src=\"https:\/\/connect.facebook.net\/en_US\/sdk.js?ver=1#xfbml=1&amp;version=v3.2\" id=\"prefeitura-campogrande-script-facebook-sdk-js\"><\/script><\/p>\n","protected":false},"excerpt":{"rendered":"<p>Em raz\u00e3o do Desfile Militar em comemora\u00e7\u00e3o ao Dia da Independ\u00eancia do Brasil, a Ag\u00eancia Municipal de Transporte e Tr\u00e2nsito (Agetran) realizar\u00e1 interdi\u00e7\u00f5es tempor\u00e1rias em vias da regi\u00e3o central de Campo Grande. As altera\u00e7\u00f5es come\u00e7am neste domingo (6) e seguem na segunda-feira (7), conforme o cronograma de montagem, realiza\u00e7\u00e3o e desmontagem da estrutura do evento. [&hellip;]<\/p>\n","protected":false},"author":1,"featured_media":0,"comment_status":"","ping_status":"","sticky":false,"template":"","format":"standard","meta":{"footnotes":""},"categories":[],"tags":[],"class_list":["post-54499","post","type-post","status-publish","format-standard","hentry"],"amp_enabled":true,"_links":{"self":[{"href":"https:\/\/novasdodia.com.br\/index.php\/wp-json\/wp\/v2\/posts\/54499","targetHints":{"allow":["GET"]}}],"collection":[{"href":"https:\/\/novasdodia.com.br\/index.php\/wp-json\/wp\/v2\/posts"}],"about":[{"href":"https:\/\/novasdodia.com.br\/index.php\/wp-json\/wp\/v2\/types\/post"}],"author":[{"embeddable":true,"href":"https:\/\/novasdodia.com.br\/index.php\/wp-json\/wp\/v2\/users\/1"}],"replies":[{"embeddable":true,"href":"https:\/\/novasdodia.com.br\/index.php\/wp-json\/wp\/v2\/comments?post=54499"}],"version-history":[{"count":0,"href":"https:\/\/novasdodia.com.br\/index.php\/wp-json\/wp\/v2\/posts\/54499\/revisions"}],"wp:attachment":[{"href":"https:\/\/novasdodia.com.br\/index.php\/wp-json\/wp\/v2\/media?parent=54499"}],"wp:term":[{"taxonomy":"category","embeddable":true,"href":"https:\/\/novasdodia.com.br\/index.php\/wp-json\/wp\/v2\/categories?post=54499"},{"taxonomy":"post_tag","embeddable":true,"href":"https:\/\/novasdodia.com.br\/index.php\/wp-json\/wp\/v2\/tags?post=54499"}],"curies":[{"name":"wp","href":"https:\/\/api.w.org\/{rel}","templated":true}]}}