{"id":54502,"date":"2026-09-06T13:00:35","date_gmt":"2026-09-06T16:00:35","guid":{"rendered":"https:\/\/novasdodia.com.br\/index.php\/2026\/09\/06\/curso-de-trafego-pago-da-sejuv-comeca-nesta-semana-cgnoticias\/"},"modified":"2026-09-06T13:00:35","modified_gmt":"2026-09-06T16:00:35","slug":"curso-de-trafego-pago-da-sejuv-comeca-nesta-semana-cgnoticias","status":"publish","type":"post","link":"https:\/\/novasdodia.com.br\/index.php\/2026\/09\/06\/curso-de-trafego-pago-da-sejuv-comeca-nesta-semana-cgnoticias\/","title":{"rendered":"Curso de Tr\u00e1fego Pago da Sejuv come\u00e7a nesta semana \u2013 CGNot\u00edcias"},"content":{"rendered":"<p><\/p>\n<div>\n<p>A Secretaria Municipal da Juventude (Sejuv) inicia, na pr\u00f3xima ter\u00e7a-feira, um curso de Tr\u00e1fego Pago, voltado para jovens interessados em aprender estrat\u00e9gias de divulga\u00e7\u00e3o e publicidade na internet. A capacita\u00e7\u00e3o ser\u00e1 realizada at\u00e9 sexta-feira, das 19h \u00e0s 21h30, na sede da SEJUV, localizada na Avenida Afonso Pena.<\/p>\n<p>Foram disponibilizadas apenas 16 vagas, que foram preenchidas rapidamente devido \u00e0 alta procura. <\/p>\n<p>Durante o curso, os participantes ter\u00e3o contato com conceitos e estrat\u00e9gias para utilizar an\u00fancios pagos em plataformas digitais, como redes sociais e mecanismos de busca, com o objetivo de alcan\u00e7ar p\u00fablicos espec\u00edficos, divulgar produtos e servi\u00e7os e ampliar a presen\u00e7a de marcas e neg\u00f3cios na internet. <\/p>\n<p>A iniciativa busca contribuir para a forma\u00e7\u00e3o profissional e ampliar as possibilidades de gera\u00e7\u00e3o de renda entre os jovens.<\/p>\n<\/div>\n<p><script async defer async defer src=\"https:\/\/connect.facebook.net\/en_US\/sdk.js?ver=1#xfbml=1&amp;version=v3.2\" id=\"prefeitura-campogrande-script-facebook-sdk-js\"><\/script><\/p>\n","protected":false},"excerpt":{"rendered":"<p>A Secretaria Municipal da Juventude (Sejuv) inicia, na pr\u00f3xima ter\u00e7a-feira, um curso de Tr\u00e1fego Pago, voltado para jovens interessados em aprender estrat\u00e9gias de divulga\u00e7\u00e3o e publicidade na internet. A capacita\u00e7\u00e3o ser\u00e1 realizada at\u00e9 sexta-feira, das 19h \u00e0s 21h30, na sede da SEJUV, localizada na Avenida Afonso Pena. Foram disponibilizadas apenas 16 vagas, que foram preenchidas [&hellip;]<\/p>\n","protected":false},"author":1,"featured_media":0,"comment_status":"","ping_status":"","sticky":false,"template":"","format":"standard","meta":{"footnotes":""},"categories":[],"tags":[],"class_list":["post-54502","post","type-post","status-publish","format-standard","hentry"],"amp_enabled":true,"_links":{"self":[{"href":"https:\/\/novasdodia.com.br\/index.php\/wp-json\/wp\/v2\/posts\/54502","targetHints":{"allow":["GET"]}}],"collection":[{"href":"https:\/\/novasdodia.com.br\/index.php\/wp-json\/wp\/v2\/posts"}],"about":[{"href":"https:\/\/novasdodia.com.br\/index.php\/wp-json\/wp\/v2\/types\/post"}],"author":[{"embeddable":true,"href":"https:\/\/novasdodia.com.br\/index.php\/wp-json\/wp\/v2\/users\/1"}],"replies":[{"embeddable":true,"href":"https:\/\/novasdodia.com.br\/index.php\/wp-json\/wp\/v2\/comments?post=54502"}],"version-history":[{"count":0,"href":"https:\/\/novasdodia.com.br\/index.php\/wp-json\/wp\/v2\/posts\/54502\/revisions"}],"wp:attachment":[{"href":"https:\/\/novasdodia.com.br\/index.php\/wp-json\/wp\/v2\/media?parent=54502"}],"wp:term":[{"taxonomy":"category","embeddable":true,"href":"https:\/\/novasdodia.com.br\/index.php\/wp-json\/wp\/v2\/categories?post=54502"},{"taxonomy":"post_tag","embeddable":true,"href":"https:\/\/novasdodia.com.br\/index.php\/wp-json\/wp\/v2\/tags?post=54502"}],"curies":[{"name":"wp","href":"https:\/\/api.w.org\/{rel}","templated":true}]}}