{"id":54504,"date":"2026-09-06T15:03:38","date_gmt":"2026-09-06T18:03:38","guid":{"rendered":"https:\/\/novasdodia.com.br\/index.php\/2026\/09\/06\/prefeitura-altera-funcionamento-dos-pontos-moveis-de-vacinacao-no-feriado-da-independencia-e-mantem-atendimento-de-urgencia\/"},"modified":"2026-09-06T15:03:38","modified_gmt":"2026-09-06T18:03:38","slug":"prefeitura-altera-funcionamento-dos-pontos-moveis-de-vacinacao-no-feriado-da-independencia-e-mantem-atendimento-de-urgencia","status":"publish","type":"post","link":"https:\/\/novasdodia.com.br\/index.php\/2026\/09\/06\/prefeitura-altera-funcionamento-dos-pontos-moveis-de-vacinacao-no-feriado-da-independencia-e-mantem-atendimento-de-urgencia\/","title":{"rendered":"Prefeitura altera funcionamento dos pontos m\u00f3veis de vacina\u00e7\u00e3o no feriado da Independ\u00eancia e mant\u00e9m atendimento de urg\u00eancia"},"content":{"rendered":"<p><\/p>\n<div id=\"texto\">\n<p>A Prefeitura de Jo\u00e3o Pessoa informa que os pontos m\u00f3veis de vacina\u00e7\u00e3o n\u00e3o funcionar\u00e3o nesta segunda-feira (7), em raz\u00e3o do feriado nacional da Independ\u00eancia do Brasil. O atendimento ser\u00e1 retomado normalmente na ter\u00e7a-feira (8), com a oferta das vacinas que integram o Programa Nacional de Imuniza\u00e7\u00f5es (PNI), incluindo as doses contra Influenza e Covid-19.<\/p>\n<p>A suspens\u00e3o tempor\u00e1ria vale para os pontos instalados no Shopping Sul, (Banc\u00e1rios), Home Center Ferreira Costa (na BR-230), Supermercado Atacarejo (Valentina), Quiosque da Orla de Cabo Branco e, Shopping Tambi\u00e1.<\/p>\n<p>A vacina\u00e7\u00e3o continua sendo uma das principais formas de preven\u00e7\u00e3o contra doen\u00e7as imunopreven\u00edveis. \u201cAlertamos da import\u00e2ncia de manter a caderneta atualizada, especialmente entre crian\u00e7as, gestantes e pessoas idosas. As vacinas contra Influenza e Covid-19 tamb\u00e9m contribuem para reduzir o risco de complica\u00e7\u00f5es, hospitaliza\u00e7\u00f5es e formas graves das doen\u00e7as respirat\u00f3rias\u201d, destacou Fernando Virgolino, chefe da Se\u00e7\u00e3o de Imuniza\u00e7\u00e3o da Prefeitura de Jo\u00e3o Pessoa.<\/p>\n<p><strong>Preven\u00e7\u00e3o de Urg\u00eancia \u2013<\/strong> Para situa\u00e7\u00f5es que necessitem de vacina\u00e7\u00e3o de urg\u00eancia, o atendimento de refer\u00eancia \u00e9 realizado pelo Centro Municipal de Imuniza\u00e7\u00e3o (CMI), no bairro da Torre. Entre as situa\u00e7\u00f5es que exigem avalia\u00e7\u00e3o imediata est\u00e3o acidentes com objetos perfurocortantes, quando houver indica\u00e7\u00e3o para a vacina dT (difteria e t\u00e9tano), e agress\u00f5es ou mordeduras provocadas por c\u00e3es, gatos ou outros animais, devido ao risco de transmiss\u00e3o da raiva.<\/p>\n<p><strong>Documenta\u00e7\u00e3o \u2013<\/strong> Para receber a vacina\u00e7\u00e3o, pais ou respons\u00e1veis devem levar a caderneta de vacina\u00e7\u00e3o da crian\u00e7a ou adolescente e um documento de identifica\u00e7\u00e3o, preferencialmente o CPF ou Cart\u00e3o SUS. Tamb\u00e9m \u00e9 importante que o respons\u00e1vel apresente seu documento de identifica\u00e7\u00e3o para que os profissionais de sa\u00fade possam conferir as doses j\u00e1 recebidas, identificar poss\u00edveis atrasos e orientar sobre as vacinas que ainda precisam ser administradas.<\/p>\n<\/p><\/div>\n","protected":false},"excerpt":{"rendered":"<p>A Prefeitura de Jo\u00e3o Pessoa informa que os pontos m\u00f3veis de vacina\u00e7\u00e3o n\u00e3o funcionar\u00e3o nesta segunda-feira (7), em raz\u00e3o do feriado nacional da Independ\u00eancia do Brasil. O atendimento ser\u00e1 retomado normalmente na ter\u00e7a-feira (8), com a oferta das vacinas que integram o Programa Nacional de Imuniza\u00e7\u00f5es (PNI), incluindo as doses contra Influenza e Covid-19. A [&hellip;]<\/p>\n","protected":false},"author":1,"featured_media":0,"comment_status":"","ping_status":"","sticky":false,"template":"","format":"standard","meta":{"footnotes":""},"categories":[1],"tags":[],"class_list":["post-54504","post","type-post","status-publish","format-standard","hentry","category-noticias"],"amp_enabled":true,"_links":{"self":[{"href":"https:\/\/novasdodia.com.br\/index.php\/wp-json\/wp\/v2\/posts\/54504","targetHints":{"allow":["GET"]}}],"collection":[{"href":"https:\/\/novasdodia.com.br\/index.php\/wp-json\/wp\/v2\/posts"}],"about":[{"href":"https:\/\/novasdodia.com.br\/index.php\/wp-json\/wp\/v2\/types\/post"}],"author":[{"embeddable":true,"href":"https:\/\/novasdodia.com.br\/index.php\/wp-json\/wp\/v2\/users\/1"}],"replies":[{"embeddable":true,"href":"https:\/\/novasdodia.com.br\/index.php\/wp-json\/wp\/v2\/comments?post=54504"}],"version-history":[{"count":0,"href":"https:\/\/novasdodia.com.br\/index.php\/wp-json\/wp\/v2\/posts\/54504\/revisions"}],"wp:attachment":[{"href":"https:\/\/novasdodia.com.br\/index.php\/wp-json\/wp\/v2\/media?parent=54504"}],"wp:term":[{"taxonomy":"category","embeddable":true,"href":"https:\/\/novasdodia.com.br\/index.php\/wp-json\/wp\/v2\/categories?post=54504"},{"taxonomy":"post_tag","embeddable":true,"href":"https:\/\/novasdodia.com.br\/index.php\/wp-json\/wp\/v2\/tags?post=54504"}],"curies":[{"name":"wp","href":"https:\/\/api.w.org\/{rel}","templated":true}]}}