{"id":5598,"date":"2022-09-03T11:35:16","date_gmt":"2022-09-03T14:35:16","guid":{"rendered":"https:\/\/novasdodia.com.br\/?p=5598"},"modified":"2022-09-03T11:35:16","modified_gmt":"2022-09-03T14:35:16","slug":"necaxa-x-leon-a-oportunidade-de-celestine-chegou-opiniao-e-noticia","status":"publish","type":"post","link":"https:\/\/novasdodia.com.br\/index.php\/2022\/09\/03\/necaxa-x-leon-a-oportunidade-de-celestine-chegou-opiniao-e-noticia\/","title":{"rendered":"Necaxa x Le\u00f3n: A oportunidade de Celestine chegou &#8211; OPINI\u00c3O E NOT\u00cdCIA"},"content":{"rendered":"<p>O primeiro dia em que a equipe do Le\u00f3n jogar\u00e1 sem Paul Bell\u00f3n, ent\u00e3o basearia sua for\u00e7a defensiva contra o Necaxa em um garoto qualificado como zagueiro, como \u00e9 o caso do meio-campista Fidel Ambriz.<\/p>\n<\/p>\n<p>Com a suspens\u00e3o de Bell\u00f3n por acumula\u00e7\u00e3o de cart\u00f5es amarelos, aliada \u00e0 decis\u00e3o de mandar Stiven Barreiro para o banco, sugere-se que a decis\u00e3o de Renato Paiva seja jogar nas camadas jovens esmeraldas ao lado de Julien C\u00e9lestine, um franc\u00eas que viu pouca a\u00e7\u00e3o na Liga M\u00e1x.<\/p>\n<\/p>\n<p>Bell\u00f3n aproveitou essa oportunidade espont\u00e2nea que o futebol d\u00e1 a certos jogadores para ser titular at\u00e9 se tornar a segunda esmeralda com mais minutos no campeonato, apenas abaixo de Cota.<\/p>\n<\/p>\n<p>A les\u00e3o de Pedrito Hern\u00e1ndez e depois a de William Tesillo, fez com que Paiva jogasse Paul ainda beb\u00ea na piscina e, como p\u00f4de, saiu na frente.<\/p>\n<\/p>\n<p>&nbsp;<\/p>\n<h2>Paul Bell\u00f3n chegou a Le\u00f3n como refor\u00e7o.<\/h2>\n<p>La Fiera tem uma das piores linhas defensivas do torneio, mas devemos dizer que Bell\u00f3n tem sido o melhor entre os defensores. Curiosamente, de todas as f\u00f3rmulas que Paiva experimentou, a menos criticada \u00e9 a dupla formada por Fidel e Bell\u00f3n.<\/p>\n<p>A perda for\u00e7ada do ex-le\u00e3o negro \u00e9 inoportuna antes de uma visita que \u00e9 fundamental para as aspira\u00e7\u00f5es esmeraldas. Idealmente, o La Fiera vencer\u00e1 o Necaxa pela d\u00e9cima vez consecutiva e depois far\u00e1 o mesmo com Juarez no Glorioso.<\/p>\n<h2>Leon deve reverter<\/h2>\n<p>Por isso \u00e9 importante que Le\u00f3n se reafirme na zona inferior, j\u00e1 que seu esquema defensivo sofreu, por um lado, o harakiri que as puni\u00e7\u00f5es de Osvi Rodr\u00edguez, Barreiro, Fidel, Iv\u00e1n Rodr\u00edguez, C\u00e9lestine e agora Bell\u00f3n significaram , todos eles elementos de perfil defensivo.<\/p>\n<p>Se acreditarmos nas pistas que Paiva deu para a escala\u00e7\u00e3o contra o Necaxa, Fidel \u00e9 considerado o p\u00e1ra-raios mais forte que Leon pode parar na defesa.<\/p>\n<p>C\u00e9lestine n\u00e3o teve o tempo necess\u00e1rio para entrar no ritmo, isso n\u00e3o a isenta da exig\u00eancia, mas talvez ela ainda n\u00e3o entenda o espanhol dos outros e os outros o seu franc\u00eas, fa\u00e7a-me a analogia.<\/p>\n<h2> C\u00e9lestine chegou ao Le\u00f3n para a Abertura 2022.<\/h2>\n<p>Tudo o que precede obriga-nos a pensar no que acontece ao Barreiro e se Paiva cumprir a decis\u00e3o de repetir a sua substitui\u00e7\u00e3o, isto dever\u00e1 constituir um forte alerta para o colombiano.<\/p>\n<p>Berreiro foi campe\u00e3o com o Fiera, ele est\u00e1 ocupado aquecendo os \u00e2nimos em campo, n\u00e3o no banco.<\/p>\n<p>Uma semana de tr\u00eas jogos importantes est\u00e1 chegando para o Esmeraldas, neste ser\u00e1 visto quem quer dar uma verdadeira rea\u00e7\u00e3o ao Fiera.<\/p>\n<h3>Compartilhe isso:<\/h3>\n<h4> TV MRNews N\u00e3o perca tamb\u00e9m:<\/h4>\n<\/p>\n<h3>Compartilhe isso:<\/h3>\n<p>Fonte: <a href=\"\/\/opiniaoenoticia.com.br\/2022\/09\/02\/necaxa-x-leon-a-oportunidade-de-celestine-chegou\" title=\"opiniaoenoticia.com.br\/2022\/09\/02\/necaxa-x-leon-a-oportunidade-de-celestine-chegou\" target=\"_blank\" rel=\"bookmark noopener\"><cite>opiniaoenoticia.com.br\/2022\/09\/02\/necaxa-x-leon-a-oportunidade-de-celestine-chegou<\/cite><\/a><\/p>\n","protected":false},"excerpt":{"rendered":"<p>O primeiro dia em que a equipe do Le\u00f3n jogar\u00e1 sem Paul Bell\u00f3n, ent\u00e3o basearia sua for\u00e7a defensiva contra o Necaxa em um garoto qualificado como zagueiro, como \u00e9 o caso do meio-campista Fidel Ambriz. Com a suspens\u00e3o de Bell\u00f3n por acumula\u00e7\u00e3o de cart\u00f5es amarelos, aliada \u00e0 decis\u00e3o de mandar Stiven Barreiro para o banco, [&hellip;]<\/p>\n","protected":false},"author":1,"featured_media":0,"comment_status":"closed","ping_status":"closed","sticky":false,"template":"","format":"standard","meta":{"footnotes":""},"categories":[1],"tags":[],"class_list":["post-5598","post","type-post","status-publish","format-standard","hentry","category-noticias"],"amp_enabled":true,"_links":{"self":[{"href":"https:\/\/novasdodia.com.br\/index.php\/wp-json\/wp\/v2\/posts\/5598","targetHints":{"allow":["GET"]}}],"collection":[{"href":"https:\/\/novasdodia.com.br\/index.php\/wp-json\/wp\/v2\/posts"}],"about":[{"href":"https:\/\/novasdodia.com.br\/index.php\/wp-json\/wp\/v2\/types\/post"}],"author":[{"embeddable":true,"href":"https:\/\/novasdodia.com.br\/index.php\/wp-json\/wp\/v2\/users\/1"}],"replies":[{"embeddable":true,"href":"https:\/\/novasdodia.com.br\/index.php\/wp-json\/wp\/v2\/comments?post=5598"}],"version-history":[{"count":0,"href":"https:\/\/novasdodia.com.br\/index.php\/wp-json\/wp\/v2\/posts\/5598\/revisions"}],"wp:attachment":[{"href":"https:\/\/novasdodia.com.br\/index.php\/wp-json\/wp\/v2\/media?parent=5598"}],"wp:term":[{"taxonomy":"category","embeddable":true,"href":"https:\/\/novasdodia.com.br\/index.php\/wp-json\/wp\/v2\/categories?post=5598"},{"taxonomy":"post_tag","embeddable":true,"href":"https:\/\/novasdodia.com.br\/index.php\/wp-json\/wp\/v2\/tags?post=5598"}],"curies":[{"name":"wp","href":"https:\/\/api.w.org\/{rel}","templated":true}]}}