{"id":6541,"date":"2022-10-12T16:34:55","date_gmt":"2022-10-12T19:34:55","guid":{"rendered":"https:\/\/novasdodia.com.br\/?p=6541"},"modified":"2022-10-12T16:34:55","modified_gmt":"2022-10-12T19:34:55","slug":"murilo-huff-rebate-comentario-de-fa-sobre-nao-cuidar-do-filho-leo-poa-show","status":"publish","type":"post","link":"https:\/\/novasdodia.com.br\/index.php\/2022\/10\/12\/murilo-huff-rebate-comentario-de-fa-sobre-nao-cuidar-do-filho-leo-poa-show\/","title":{"rendered":"Murilo Huff rebate coment\u00e1rio de f\u00e3 sobre n\u00e3o cuidar do filho, L\u00e9o &#8211; POA SHOW"},"content":{"rendered":"<p>O cantor Murilo Huff rebateu o coment\u00e1rio de uma internauta que afirmou que o  n\u00e3o participa da vida do filho, L\u00e9o, 2 anos, fruto do relacionamento com Mar\u00edlia Mendon\u00e7a, ,<\/p>\n<p>No Twitter, o cantor pediu para que os f\u00e3s enviassem fotos usando um colar enviado aos f\u00e3-clubes do artista. &#8220;Quero ver foto de voc\u00eas usando, tirem a\u00ed e me mandem depois&#8221;, disse Murilo.<\/p>\n<\/p>\n<h4>Relacionadas<\/h4>\n<p>&#8220;V\u00e3o cuidar do L\u00e9o. Mo\u00e7o nem participa [da vida] do menino. Deus me livre&#8221;, escreveu a usu\u00e1ria. Na sequ\u00eancia, o artista rebateu: &#8220;Vai cuidar voc\u00ea da sua vida, velha maluca.&#8221;<\/p>\n<p>         <i><\/i>  Murilo Huff rebate coment\u00e1rio de f\u00e3 no Twitter Imagem: Reprodu\u00e7\u00e3o\/Twitter <\/p>\n<p>Com a morte de Mar\u00edlia, <\/p>\n<p>A informa\u00e7\u00e3o foi confirmada a <strong>Splash <\/strong>pelo advogado da fam\u00edlia da cantora, Robson Cunha.<\/p>\n<p>O \u00fanico herdeiro sempre foi o filho da Mar\u00edlia, L\u00e9o Mendon\u00e7a Huff. O Murilo nunca foi herdeiro, apenas como pai do L\u00e9o, ele seria o tutor natural at\u00e9 a maioridade do L\u00e9o. Contudo, como a dona Ruth sempre fez a gest\u00e3o do patrim\u00f4nio da Mar\u00edlia e auxiliou na cria\u00e7\u00e3o do L\u00e9o, o Murilo n\u00e3o se op\u00f4s \u00e0 quest\u00e3o da dona Ruth manter o papel de tutora.<strong>Robson<\/strong><strong> Cunha, advogado da fam\u00edlia de Mar\u00edlia Mendon\u00e7a<\/strong><\/p>\n<p>Fonte: <a href=\"\/\/poashow.com.br\/2022\/10\/12\/murilo-huff-rebate-comentario-de-fa-sobre-nao-cuidar-do-filho-leo\" title=\"poashow.com.br\/2022\/10\/12\/murilo-huff-rebate-comentario-de-fa-sobre-nao-cuidar-do-filho-leo\" target=\"_blank\" rel=\"bookmark noopener\"><cite>poashow.com.br\/2022\/10\/12\/murilo-huff-rebate-comentario-de-fa-sobre-nao-cuidar-do-filho-leo<\/cite><\/a><\/p>\n","protected":false},"excerpt":{"rendered":"<p>O cantor Murilo Huff rebateu o coment\u00e1rio de uma internauta que afirmou que o n\u00e3o participa da vida do filho, L\u00e9o, 2 anos, fruto do relacionamento com Mar\u00edlia Mendon\u00e7a, , No Twitter, o cantor pediu para que os f\u00e3s enviassem fotos usando um colar enviado aos f\u00e3-clubes do artista. &#8220;Quero ver foto de voc\u00eas usando, [&hellip;]<\/p>\n","protected":false},"author":1,"featured_media":0,"comment_status":"closed","ping_status":"closed","sticky":false,"template":"","format":"standard","meta":{"footnotes":""},"categories":[1],"tags":[],"class_list":["post-6541","post","type-post","status-publish","format-standard","hentry","category-noticias"],"amp_enabled":true,"_links":{"self":[{"href":"https:\/\/novasdodia.com.br\/index.php\/wp-json\/wp\/v2\/posts\/6541","targetHints":{"allow":["GET"]}}],"collection":[{"href":"https:\/\/novasdodia.com.br\/index.php\/wp-json\/wp\/v2\/posts"}],"about":[{"href":"https:\/\/novasdodia.com.br\/index.php\/wp-json\/wp\/v2\/types\/post"}],"author":[{"embeddable":true,"href":"https:\/\/novasdodia.com.br\/index.php\/wp-json\/wp\/v2\/users\/1"}],"replies":[{"embeddable":true,"href":"https:\/\/novasdodia.com.br\/index.php\/wp-json\/wp\/v2\/comments?post=6541"}],"version-history":[{"count":0,"href":"https:\/\/novasdodia.com.br\/index.php\/wp-json\/wp\/v2\/posts\/6541\/revisions"}],"wp:attachment":[{"href":"https:\/\/novasdodia.com.br\/index.php\/wp-json\/wp\/v2\/media?parent=6541"}],"wp:term":[{"taxonomy":"category","embeddable":true,"href":"https:\/\/novasdodia.com.br\/index.php\/wp-json\/wp\/v2\/categories?post=6541"},{"taxonomy":"post_tag","embeddable":true,"href":"https:\/\/novasdodia.com.br\/index.php\/wp-json\/wp\/v2\/tags?post=6541"}],"curies":[{"name":"wp","href":"https:\/\/api.w.org\/{rel}","templated":true}]}}