{"id":9616,"date":"2023-08-20T17:34:05","date_gmt":"2023-08-20T20:34:05","guid":{"rendered":"https:\/\/novasdodia.com.br\/?p=9616"},"modified":"2023-08-20T17:34:05","modified_gmt":"2023-08-20T20:34:05","slug":"gary-medel-se-destacou-na-vitoria-do-vasco-sobre-o-atletico-mg-veja-os-numeros-do-chileno-netvasco-bola-rolando","status":"publish","type":"post","link":"https:\/\/novasdodia.com.br\/index.php\/2023\/08\/20\/gary-medel-se-destacou-na-vitoria-do-vasco-sobre-o-atletico-mg-veja-os-numeros-do-chileno-netvasco-bola-rolando\/","title":{"rendered":"Gary Medel se destacou na vit\u00f3ria do Vasco sobre o Atl\u00e9tico-MG; veja os n\u00fameros do chileno | NETVASCO &#8211; BOLA ROLANDO"},"content":{"rendered":"\n<p>Gary Medel se destacou na vit\u00f3ria do Vasco sobre o Atl\u00e9tico-MG; veja os n\u00fameros do chileno  \t\t\t\t\t\t                        Domingo, 20\/08\/2023  &#8211; 15:21                              \t\t\t\t\tSofascore Brazil @SofascoreBR #Brasileir\u00e3o \ud83c\udde7\ud83c\uddf7  Gary Medel entre todos do time em Vasco 1-0 Atl\u00e9tico-MG:  1\u00ba em a\u00e7\u00f5es defensivas (12) 1\u00ba em cortes (6) 1\u00ba em acerto no passe (89%) 1\u00ba em bolas longas certas (4) 3\u00ba em bolas recuperadas (7) 3\u00ba em desarmes (3) 3\u00ba em Nota Sofascore (7.4)  <\/p>\n<table>\n<tr>\n<td><a><\/a><\/td>\n<\/tr>\n<\/table>\n<p>  Fonte: Twitter Sofascore Brazil<\/p>\n<p>Fonte: <a>www.netvasco.com.br\/n\/318833\/gary-medel-se-destacou-na-vitoria-do-vasco-sobre-o-atletico-mg-veja-os-numeros-do-chileno<\/a><\/p>\n<p>   \t\t\t\t\t\t\t  \t\t\t\t\t\t \t\t\t\t\t\t\t\t\t\t\t\tCategoria<a>vasco<\/a>                        <\/p>\n<p>Fonte: <a href=\"\/\/bolarolando.com.br\/index.php\/2023\/08\/20\/gary-medel-se-destacou-na-vitoria-do-vasco-sobre-o-atletico-mg-veja-os-numeros-do-chileno-netvasco\" title=\"bolarolando.com.br\/index.php\/2023\/08\/20\/gary-medel-se-destacou-na-vitoria-do-vasco-sobre-o-atletico-mg-veja-os-numeros-do-chileno-netvasco\" target=\"_blank\" rel=\"bookmark noopener\"><cite>bolarolando.com.br\/index.php\/2023\/08\/20\/gary-medel-se-destacou-na-vitoria-do-vasco-sobre-o-atletico-mg-veja-os-numeros-do-chileno-netvasco<\/cite><\/a><\/p>\n","protected":false},"excerpt":{"rendered":"<p>Gary Medel se destacou na vit\u00f3ria do Vasco sobre o Atl\u00e9tico-MG; veja os n\u00fameros do chileno Domingo, 20\/08\/2023 &#8211; 15:21 Sofascore Brazil @SofascoreBR #Brasileir\u00e3o \ud83c\udde7\ud83c\uddf7 Gary Medel entre todos do time em Vasco 1-0 Atl\u00e9tico-MG: 1\u00ba em a\u00e7\u00f5es defensivas (12) 1\u00ba em cortes (6) 1\u00ba em acerto no passe (89%) 1\u00ba em bolas longas certas [&hellip;]<\/p>\n","protected":false},"author":1,"featured_media":0,"comment_status":"closed","ping_status":"closed","sticky":false,"template":"","format":"standard","meta":{"footnotes":""},"categories":[3],"tags":[],"class_list":["post-9616","post","type-post","status-publish","format-standard","hentry","category-futebol-ao-vivo"],"amp_enabled":true,"_links":{"self":[{"href":"https:\/\/novasdodia.com.br\/index.php\/wp-json\/wp\/v2\/posts\/9616","targetHints":{"allow":["GET"]}}],"collection":[{"href":"https:\/\/novasdodia.com.br\/index.php\/wp-json\/wp\/v2\/posts"}],"about":[{"href":"https:\/\/novasdodia.com.br\/index.php\/wp-json\/wp\/v2\/types\/post"}],"author":[{"embeddable":true,"href":"https:\/\/novasdodia.com.br\/index.php\/wp-json\/wp\/v2\/users\/1"}],"replies":[{"embeddable":true,"href":"https:\/\/novasdodia.com.br\/index.php\/wp-json\/wp\/v2\/comments?post=9616"}],"version-history":[{"count":1,"href":"https:\/\/novasdodia.com.br\/index.php\/wp-json\/wp\/v2\/posts\/9616\/revisions"}],"predecessor-version":[{"id":9617,"href":"https:\/\/novasdodia.com.br\/index.php\/wp-json\/wp\/v2\/posts\/9616\/revisions\/9617"}],"wp:attachment":[{"href":"https:\/\/novasdodia.com.br\/index.php\/wp-json\/wp\/v2\/media?parent=9616"}],"wp:term":[{"taxonomy":"category","embeddable":true,"href":"https:\/\/novasdodia.com.br\/index.php\/wp-json\/wp\/v2\/categories?post=9616"},{"taxonomy":"post_tag","embeddable":true,"href":"https:\/\/novasdodia.com.br\/index.php\/wp-json\/wp\/v2\/tags?post=9616"}],"curies":[{"name":"wp","href":"https:\/\/api.w.org\/{rel}","templated":true}]}}